{"id":1219,"date":"2024-02-25T18:08:09","date_gmt":"2024-02-25T17:08:09","guid":{"rendered":"https:\/\/illusnanda.com\/?p=1219"},"modified":"2026-01-21T23:10:29","modified_gmt":"2026-01-21T22:10:29","slug":"association-le-bocal","status":"publish","type":"post","link":"https:\/\/illusnanda.com\/fr\/association-le-bocal\/","title":{"rendered":"Association Le Bocal"},"content":{"rendered":"<div data-elementor-type=\"wp-post\" data-elementor-id=\"1219\" class=\"elementor elementor-1219\" data-elementor-post-type=\"post\">\n\t\t\t\t\t\t<section class=\"elementor-section elementor-top-section elementor-element elementor-element-5a0a688c elementor-section-content-middle elementor-section-boxed elementor-section-height-default elementor-section-height-default\" data-id=\"5a0a688c\" data-element_type=\"section\" data-e-type=\"section\">\n\t\t\t\t\t\t<div class=\"elementor-container elementor-column-gap-extended\">\n\t\t\t\t\t<div class=\"elementor-column elementor-col-100 elementor-top-column elementor-element elementor-element-60d33427\" data-id=\"60d33427\" data-element_type=\"column\" data-e-type=\"column\">\n\t\t\t<div class=\"elementor-widget-wrap elementor-element-populated\">\n\t\t\t\t\t\t<section class=\"elementor-section elementor-inner-section elementor-element elementor-element-6dbfac8d elementor-section-boxed elementor-section-height-default elementor-section-height-default\" data-id=\"6dbfac8d\" data-element_type=\"section\" data-e-type=\"section\">\n\t\t\t\t\t\t<div class=\"elementor-container elementor-column-gap-default\">\n\t\t\t\t\t<div class=\"elementor-column elementor-col-100 elementor-inner-column elementor-element elementor-element-1c05bf5c\" data-id=\"1c05bf5c\" data-element_type=\"column\" data-e-type=\"column\">\n\t\t\t<div class=\"elementor-widget-wrap elementor-element-populated\">\n\t\t\t\t\t\t<div class=\"elementor-element elementor-element-35fa29ec elementor-widget elementor-widget-text-editor\" data-id=\"35fa29ec\" data-element_type=\"widget\" data-e-type=\"widget\" data-widget_type=\"text-editor.default\">\n\t\t\t\t\t\t\t\t\t<p data-start=\"164\" data-end=\"327\">En f\u00e9vrier 2024, la journ\u00e9e <strong data-start=\"192\" data-end=\"223\">\u00ab <\/strong>Faire famille autrement \u00bb, organis\u00e9e par les associations Coquille et <a href=\"https:\/\/assolebocal.com\/\">Le Bocal<\/a>, s\u2019est tenue sur l\u2019\u00cele de R\u00e9, en France.<\/p><p data-start=\"334\" data-end=\"550\">Cet \u00e9v\u00e9nement proposait un temps de r\u00e9flexion et d\u2019\u00e9change autour des formes contemporaines de la famille, \u00e0 travers des conf\u00e9rences, des discussions et des moments de partage ouverts aux adultes comme aux enfants.<\/p><p data-start=\"325\" data-end=\"642\">Dans ce cadre, j\u2019ai r\u00e9alis\u00e9 deux <strong data-start=\"358\" data-end=\"396\">facilitations graphiques <\/strong>en direct lors des conf\u00e9rences, en traduisant visuellement les \u00e9changes et les id\u00e9es partag\u00e9es. J\u2019ai \u00e9galement anim\u00e9 un <strong data-start=\"507\" data-end=\"528\">atelier de dessin<\/strong> pour les enfants pr\u00e9sents, con\u00e7u comme un espace d\u2019expression libre en lien avec les th\u00e9matiques de la journ\u00e9e.<\/p><p data-start=\"649\" data-end=\"748\">Parmi les intervenants figurait notamment la journaliste Ren\u00e9e Greusard.<\/p>\t\t\t\t\t\t\t\t<\/div>\n\t\t\t\t\t<\/div>\n\t\t<\/div>\n\t\t\t\t\t<\/div>\n\t\t<\/section>\n\t\t\t\t\t<\/div>\n\t\t<\/div>\n\t\t\t\t\t<\/div>\n\t\t<\/section>\n\t\t\t\t<section class=\"elementor-section elementor-top-section elementor-element elementor-element-2e3be6b8 elementor-section-content-middle elementor-section-boxed elementor-section-height-default elementor-section-height-default\" data-id=\"2e3be6b8\" data-element_type=\"section\" data-e-type=\"section\">\n\t\t\t\t\t\t<div class=\"elementor-container elementor-column-gap-default\">\n\t\t\t\t\t<div class=\"elementor-column elementor-col-100 elementor-top-column elementor-element elementor-element-7aca40f9\" data-id=\"7aca40f9\" data-element_type=\"column\" data-e-type=\"column\">\n\t\t\t<div class=\"elementor-widget-wrap elementor-element-populated\">\n\t\t\t\t\t\t<div class=\"elementor-element elementor-element-7ad6612c elementor-widget elementor-widget-gallery\" data-id=\"7ad6612c\" data-element_type=\"widget\" data-e-type=\"widget\" data-settings=\"{&quot;gallery_layout&quot;:&quot;justified&quot;,&quot;ideal_row_height&quot;:{&quot;unit&quot;:&quot;px&quot;,&quot;size&quot;:330,&quot;sizes&quot;:[]},&quot;gap&quot;:{&quot;unit&quot;:&quot;px&quot;,&quot;size&quot;:50,&quot;sizes&quot;:[]},&quot;lazyload&quot;:&quot;yes&quot;,&quot;ideal_row_height_tablet&quot;:{&quot;unit&quot;:&quot;px&quot;,&quot;size&quot;:150,&quot;sizes&quot;:[]},&quot;ideal_row_height_mobile&quot;:{&quot;unit&quot;:&quot;px&quot;,&quot;size&quot;:150,&quot;sizes&quot;:[]},&quot;gap_tablet&quot;:{&quot;unit&quot;:&quot;px&quot;,&quot;size&quot;:10,&quot;sizes&quot;:[]},&quot;gap_mobile&quot;:{&quot;unit&quot;:&quot;px&quot;,&quot;size&quot;:10,&quot;sizes&quot;:[]},&quot;link_to&quot;:&quot;file&quot;,&quot;overlay_background&quot;:&quot;yes&quot;,&quot;content_hover_animation&quot;:&quot;fade-in&quot;}\" data-widget_type=\"gallery.default\">\n\t\t\t\t\t\t\t<div class=\"elementor-gallery__container\">\n\t\t\t\t\t\t\t<a class=\"e-gallery-item elementor-gallery-item elementor-animated-content\" href=\"https:\/\/illusnanda.com\/wp-content\/uploads\/2024\/02\/conference-RG.png\" data-elementor-open-lightbox=\"yes\" data-elementor-lightbox-slideshow=\"7ad6612c\" data-elementor-lightbox-title=\"conference RG\" data-e-action-hash=\"#elementor-action%3Aaction%3Dlightbox%26settings%3DeyJpZCI6MTIyMSwidXJsIjoiaHR0cHM6XC9cL2lsbHVzbmFuZGEuY29tXC93cC1jb250ZW50XC91cGxvYWRzXC8yMDI0XC8wMlwvY29uZmVyZW5jZS1SRy5wbmciLCJzbGlkZXNob3ciOiI3YWQ2NjEyYyJ9\">\n\t\t\t\t\t<div class=\"e-gallery-image elementor-gallery-item__image\" data-thumbnail=\"https:\/\/illusnanda.com\/wp-content\/uploads\/2024\/02\/conference-RG-768x543.png\" data-width=\"768\" data-height=\"543\" aria-label=\"\" role=\"img\" ><\/div>\n\t\t\t\t\t\t\t\t\t\t\t<div class=\"elementor-gallery-item__overlay\"><\/div>\n\t\t\t\t\t\t\t\t\t\t\t\t\t\t<\/a>\n\t\t\t\t\t\t\t<a class=\"e-gallery-item elementor-gallery-item elementor-animated-content\" href=\"https:\/\/illusnanda.com\/wp-content\/uploads\/2024\/02\/micro-trottoir_.png\" data-elementor-open-lightbox=\"yes\" data-elementor-lightbox-slideshow=\"7ad6612c\" data-elementor-lightbox-title=\"micro trottoir_\" data-e-action-hash=\"#elementor-action%3Aaction%3Dlightbox%26settings%3DeyJpZCI6MTIyMiwidXJsIjoiaHR0cHM6XC9cL2lsbHVzbmFuZGEuY29tXC93cC1jb250ZW50XC91cGxvYWRzXC8yMDI0XC8wMlwvbWljcm8tdHJvdHRvaXJfLnBuZyIsInNsaWRlc2hvdyI6IjdhZDY2MTJjIn0%3D\">\n\t\t\t\t\t<div class=\"e-gallery-image elementor-gallery-item__image\" data-thumbnail=\"https:\/\/illusnanda.com\/wp-content\/uploads\/2024\/02\/micro-trottoir_-768x543.png\" data-width=\"768\" data-height=\"543\" aria-label=\"\" role=\"img\" ><\/div>\n\t\t\t\t\t\t\t\t\t\t\t<div class=\"elementor-gallery-item__overlay\"><\/div>\n\t\t\t\t\t\t\t\t\t\t\t\t\t\t<\/a>\n\t\t\t\t\t<\/div>\n\t\t\t\t\t<\/div>\n\t\t\t\t\t<\/div>\n\t\t<\/div>\n\t\t\t\t\t<\/div>\n\t\t<\/section>\n\t\t\t\t<section class=\"elementor-section elementor-top-section elementor-element elementor-element-dbc6bb4 elementor-section-boxed elementor-section-height-default elementor-section-height-default\" data-id=\"dbc6bb4\" data-element_type=\"section\" data-e-type=\"section\">\n\t\t\t\t\t\t<div class=\"elementor-container elementor-column-gap-default\">\n\t\t\t\t\t<div class=\"elementor-column elementor-col-100 elementor-top-column elementor-element elementor-element-4f1e10e\" data-id=\"4f1e10e\" data-element_type=\"column\" data-e-type=\"column\">\n\t\t\t<div class=\"elementor-widget-wrap elementor-element-populated\">\n\t\t\t\t\t\t<div class=\"elementor-element elementor-element-cc17173 elementor-widget elementor-widget-image\" data-id=\"cc17173\" data-element_type=\"widget\" data-e-type=\"widget\" data-widget_type=\"image.default\">\n\t\t\t\t\t\t\t\t\t\t\t\t\t\t\t<img fetchpriority=\"high\" decoding=\"async\" width=\"800\" height=\"450\" src=\"https:\/\/illusnanda.com\/wp-content\/uploads\/2024\/02\/unnamed-1024x576.png\" class=\"attachment-large size-large wp-image-1245\" alt=\"\" srcset=\"https:\/\/illusnanda.com\/wp-content\/uploads\/2024\/02\/unnamed-1024x576.png 1024w, https:\/\/illusnanda.com\/wp-content\/uploads\/2024\/02\/unnamed-300x169.png 300w, https:\/\/illusnanda.com\/wp-content\/uploads\/2024\/02\/unnamed-768x432.png 768w, https:\/\/illusnanda.com\/wp-content\/uploads\/2024\/02\/unnamed-1536x864.png 1536w, https:\/\/illusnanda.com\/wp-content\/uploads\/2024\/02\/unnamed-18x10.png 18w, https:\/\/illusnanda.com\/wp-content\/uploads\/2024\/02\/unnamed.png 2048w\" sizes=\"(max-width: 800px) 100vw, 800px\" \/>\t\t\t\t\t\t\t\t\t\t\t\t\t\t\t<\/div>\n\t\t\t\t\t<\/div>\n\t\t<\/div>\n\t\t\t\t\t<\/div>\n\t\t<\/section>\n\t\t\t\t<\/div>","protected":false},"excerpt":{"rendered":"<p>En f\u00e9vrier 2024, la journ\u00e9e \u00ab Faire famille autrement \u00bb, organis\u00e9e par les associations Coquille et Le Bocal, s\u2019est tenue sur l\u2019\u00cele de R\u00e9, en France. Cet \u00e9v\u00e9nement proposait un temps de r\u00e9flexion et d\u2019\u00e9change autour des formes contemporaines de la famille, \u00e0 travers des conf\u00e9rences, des discussions et des moments de partage ouverts aux [&hellip;]<\/p>\n","protected":false},"author":1,"featured_media":1238,"comment_status":"closed","ping_status":"open","sticky":false,"template":"","format":"standard","meta":{"footnotes":""},"categories":[1,6],"tags":[],"class_list":["post-1219","post","type-post","status-publish","format-standard","has-post-thumbnail","hentry","category-diseno-grafico","category-ilustracion"],"yoast_head":"<!-- This site is optimized with the Yoast SEO plugin v27.4 - https:\/\/yoast.com\/product\/yoast-seo-wordpress\/ -->\n<title>Association Le Bocal - Fernanda Cruces<\/title>\n<meta name=\"robots\" content=\"index, follow, max-snippet:-1, max-image-preview:large, max-video-preview:-1\" \/>\n<link rel=\"canonical\" href=\"https:\/\/illusnanda.com\/fr\/association-le-bocal\/\" \/>\n<meta property=\"og:locale\" content=\"fr_FR\" \/>\n<meta property=\"og:type\" content=\"article\" \/>\n<meta property=\"og:title\" content=\"Association Le Bocal - Fernanda Cruces\" \/>\n<meta property=\"og:description\" content=\"En f\u00e9vrier 2024, la journ\u00e9e \u00ab Faire famille autrement \u00bb, organis\u00e9e par les associations Coquille et Le Bocal, s\u2019est tenue sur l\u2019\u00cele de R\u00e9, en France. Cet \u00e9v\u00e9nement proposait un temps de r\u00e9flexion et d\u2019\u00e9change autour des formes contemporaines de la famille, \u00e0 travers des conf\u00e9rences, des discussions et des moments de partage ouverts aux [&hellip;]\" \/>\n<meta property=\"og:url\" content=\"https:\/\/illusnanda.com\/fr\/association-le-bocal\/\" \/>\n<meta property=\"og:site_name\" content=\"Fernanda Cruces\" \/>\n<meta property=\"article:published_time\" content=\"2024-02-25T17:08:09+00:00\" \/>\n<meta property=\"article:modified_time\" content=\"2026-01-21T22:10:29+00:00\" \/>\n<meta property=\"og:image\" content=\"https:\/\/illusnanda.com\/wp-content\/uploads\/2024\/02\/politique_-1.png\" \/>\n\t<meta property=\"og:image:width\" content=\"1161\" \/>\n\t<meta property=\"og:image:height\" content=\"1077\" \/>\n\t<meta property=\"og:image:type\" content=\"image\/png\" \/>\n<meta name=\"author\" content=\"f3cruz\" \/>\n<meta name=\"twitter:card\" content=\"summary_large_image\" \/>\n<meta name=\"twitter:label1\" content=\"\u00c9crit par\" \/>\n\t<meta name=\"twitter:data1\" content=\"f3cruz\" \/>\n\t<meta name=\"twitter:label2\" content=\"Dur\u00e9e de lecture est.\" \/>\n\t<meta name=\"twitter:data2\" content=\"1 minute\" \/>\n<script type=\"application\/ld+json\" class=\"yoast-schema-graph\">{\"@context\":\"https:\\\/\\\/schema.org\",\"@graph\":[{\"@type\":\"Article\",\"@id\":\"https:\\\/\\\/illusnanda.com\\\/association-le-bocal\\\/#article\",\"isPartOf\":{\"@id\":\"https:\\\/\\\/illusnanda.com\\\/association-le-bocal\\\/\"},\"author\":{\"name\":\"f3cruz\",\"@id\":\"https:\\\/\\\/illusnanda.com\\\/#\\\/schema\\\/person\\\/9403b67fea3f868e55fd76191455c53a\"},\"headline\":\"Association Le Bocal\",\"datePublished\":\"2024-02-25T17:08:09+00:00\",\"dateModified\":\"2026-01-21T22:10:29+00:00\",\"mainEntityOfPage\":{\"@id\":\"https:\\\/\\\/illusnanda.com\\\/association-le-bocal\\\/\"},\"wordCount\":135,\"image\":{\"@id\":\"https:\\\/\\\/illusnanda.com\\\/association-le-bocal\\\/#primaryimage\"},\"thumbnailUrl\":\"https:\\\/\\\/illusnanda.com\\\/wp-content\\\/uploads\\\/2024\\\/02\\\/politique_-1.png\",\"articleSection\":[\"Dise\u00f1o Gr\u00e1fico\",\"Ilustraci\u00f3n\"],\"inLanguage\":\"fr-BE\"},{\"@type\":\"WebPage\",\"@id\":\"https:\\\/\\\/illusnanda.com\\\/association-le-bocal\\\/\",\"url\":\"https:\\\/\\\/illusnanda.com\\\/association-le-bocal\\\/\",\"name\":\"Association Le Bocal - Fernanda Cruces\",\"isPartOf\":{\"@id\":\"https:\\\/\\\/illusnanda.com\\\/#website\"},\"primaryImageOfPage\":{\"@id\":\"https:\\\/\\\/illusnanda.com\\\/association-le-bocal\\\/#primaryimage\"},\"image\":{\"@id\":\"https:\\\/\\\/illusnanda.com\\\/association-le-bocal\\\/#primaryimage\"},\"thumbnailUrl\":\"https:\\\/\\\/illusnanda.com\\\/wp-content\\\/uploads\\\/2024\\\/02\\\/politique_-1.png\",\"datePublished\":\"2024-02-25T17:08:09+00:00\",\"dateModified\":\"2026-01-21T22:10:29+00:00\",\"author\":{\"@id\":\"https:\\\/\\\/illusnanda.com\\\/#\\\/schema\\\/person\\\/9403b67fea3f868e55fd76191455c53a\"},\"breadcrumb\":{\"@id\":\"https:\\\/\\\/illusnanda.com\\\/association-le-bocal\\\/#breadcrumb\"},\"inLanguage\":\"fr-BE\",\"potentialAction\":[{\"@type\":\"ReadAction\",\"target\":[\"https:\\\/\\\/illusnanda.com\\\/association-le-bocal\\\/\"]}]},{\"@type\":\"ImageObject\",\"inLanguage\":\"fr-BE\",\"@id\":\"https:\\\/\\\/illusnanda.com\\\/association-le-bocal\\\/#primaryimage\",\"url\":\"https:\\\/\\\/illusnanda.com\\\/wp-content\\\/uploads\\\/2024\\\/02\\\/politique_-1.png\",\"contentUrl\":\"https:\\\/\\\/illusnanda.com\\\/wp-content\\\/uploads\\\/2024\\\/02\\\/politique_-1.png\",\"width\":1161,\"height\":1077},{\"@type\":\"BreadcrumbList\",\"@id\":\"https:\\\/\\\/illusnanda.com\\\/association-le-bocal\\\/#breadcrumb\",\"itemListElement\":[{\"@type\":\"ListItem\",\"position\":1,\"name\":\"Portada\",\"item\":\"https:\\\/\\\/illusnanda.com\\\/\"},{\"@type\":\"ListItem\",\"position\":2,\"name\":\"Association Le Bocal\"}]},{\"@type\":\"WebSite\",\"@id\":\"https:\\\/\\\/illusnanda.com\\\/#website\",\"url\":\"https:\\\/\\\/illusnanda.com\\\/\",\"name\":\"Fernanda Cruces\",\"description\":\"Ilustradora y Dise\u00f1adora Gr\u00e1fica: Visuels clairs et sensibles pour projets culturels et \u00e9ducatifs\",\"potentialAction\":[{\"@type\":\"SearchAction\",\"target\":{\"@type\":\"EntryPoint\",\"urlTemplate\":\"https:\\\/\\\/illusnanda.com\\\/?s={search_term_string}\"},\"query-input\":{\"@type\":\"PropertyValueSpecification\",\"valueRequired\":true,\"valueName\":\"search_term_string\"}}],\"inLanguage\":\"fr-BE\"},{\"@type\":\"Person\",\"@id\":\"https:\\\/\\\/illusnanda.com\\\/#\\\/schema\\\/person\\\/9403b67fea3f868e55fd76191455c53a\",\"name\":\"f3cruz\",\"image\":{\"@type\":\"ImageObject\",\"inLanguage\":\"fr-BE\",\"@id\":\"https:\\\/\\\/secure.gravatar.com\\\/avatar\\\/9a7779f2a26964189635b201ff1db67c3cba68d3578d7a40a796e53c2ca63f6f?s=96&d=mm&r=g\",\"url\":\"https:\\\/\\\/secure.gravatar.com\\\/avatar\\\/9a7779f2a26964189635b201ff1db67c3cba68d3578d7a40a796e53c2ca63f6f?s=96&d=mm&r=g\",\"contentUrl\":\"https:\\\/\\\/secure.gravatar.com\\\/avatar\\\/9a7779f2a26964189635b201ff1db67c3cba68d3578d7a40a796e53c2ca63f6f?s=96&d=mm&r=g\",\"caption\":\"f3cruz\"},\"sameAs\":[\"https:\\\/\\\/illusnanda.com\"],\"url\":\"https:\\\/\\\/illusnanda.com\\\/fr\\\/author\\\/f3cruz\\\/\"}]}<\/script>\n<!-- \/ Yoast SEO plugin. -->","yoast_head_json":{"title":"Association Le Bocal - Fernanda Cruces","robots":{"index":"index","follow":"follow","max-snippet":"max-snippet:-1","max-image-preview":"max-image-preview:large","max-video-preview":"max-video-preview:-1"},"canonical":"https:\/\/illusnanda.com\/fr\/association-le-bocal\/","og_locale":"fr_FR","og_type":"article","og_title":"Association Le Bocal - Fernanda Cruces","og_description":"En f\u00e9vrier 2024, la journ\u00e9e \u00ab Faire famille autrement \u00bb, organis\u00e9e par les associations Coquille et Le Bocal, s\u2019est tenue sur l\u2019\u00cele de R\u00e9, en France. Cet \u00e9v\u00e9nement proposait un temps de r\u00e9flexion et d\u2019\u00e9change autour des formes contemporaines de la famille, \u00e0 travers des conf\u00e9rences, des discussions et des moments de partage ouverts aux [&hellip;]","og_url":"https:\/\/illusnanda.com\/fr\/association-le-bocal\/","og_site_name":"Fernanda Cruces","article_published_time":"2024-02-25T17:08:09+00:00","article_modified_time":"2026-01-21T22:10:29+00:00","og_image":[{"width":1161,"height":1077,"url":"https:\/\/illusnanda.com\/wp-content\/uploads\/2024\/02\/politique_-1.png","type":"image\/png"}],"author":"f3cruz","twitter_card":"summary_large_image","twitter_misc":{"\u00c9crit par":"f3cruz","Dur\u00e9e de lecture est.":"1 minute"},"schema":{"@context":"https:\/\/schema.org","@graph":[{"@type":"Article","@id":"https:\/\/illusnanda.com\/association-le-bocal\/#article","isPartOf":{"@id":"https:\/\/illusnanda.com\/association-le-bocal\/"},"author":{"name":"f3cruz","@id":"https:\/\/illusnanda.com\/#\/schema\/person\/9403b67fea3f868e55fd76191455c53a"},"headline":"Association Le Bocal","datePublished":"2024-02-25T17:08:09+00:00","dateModified":"2026-01-21T22:10:29+00:00","mainEntityOfPage":{"@id":"https:\/\/illusnanda.com\/association-le-bocal\/"},"wordCount":135,"image":{"@id":"https:\/\/illusnanda.com\/association-le-bocal\/#primaryimage"},"thumbnailUrl":"https:\/\/illusnanda.com\/wp-content\/uploads\/2024\/02\/politique_-1.png","articleSection":["Dise\u00f1o Gr\u00e1fico","Ilustraci\u00f3n"],"inLanguage":"fr-BE"},{"@type":"WebPage","@id":"https:\/\/illusnanda.com\/association-le-bocal\/","url":"https:\/\/illusnanda.com\/association-le-bocal\/","name":"Association Le Bocal - Fernanda Cruces","isPartOf":{"@id":"https:\/\/illusnanda.com\/#website"},"primaryImageOfPage":{"@id":"https:\/\/illusnanda.com\/association-le-bocal\/#primaryimage"},"image":{"@id":"https:\/\/illusnanda.com\/association-le-bocal\/#primaryimage"},"thumbnailUrl":"https:\/\/illusnanda.com\/wp-content\/uploads\/2024\/02\/politique_-1.png","datePublished":"2024-02-25T17:08:09+00:00","dateModified":"2026-01-21T22:10:29+00:00","author":{"@id":"https:\/\/illusnanda.com\/#\/schema\/person\/9403b67fea3f868e55fd76191455c53a"},"breadcrumb":{"@id":"https:\/\/illusnanda.com\/association-le-bocal\/#breadcrumb"},"inLanguage":"fr-BE","potentialAction":[{"@type":"ReadAction","target":["https:\/\/illusnanda.com\/association-le-bocal\/"]}]},{"@type":"ImageObject","inLanguage":"fr-BE","@id":"https:\/\/illusnanda.com\/association-le-bocal\/#primaryimage","url":"https:\/\/illusnanda.com\/wp-content\/uploads\/2024\/02\/politique_-1.png","contentUrl":"https:\/\/illusnanda.com\/wp-content\/uploads\/2024\/02\/politique_-1.png","width":1161,"height":1077},{"@type":"BreadcrumbList","@id":"https:\/\/illusnanda.com\/association-le-bocal\/#breadcrumb","itemListElement":[{"@type":"ListItem","position":1,"name":"Portada","item":"https:\/\/illusnanda.com\/"},{"@type":"ListItem","position":2,"name":"Association Le Bocal"}]},{"@type":"WebSite","@id":"https:\/\/illusnanda.com\/#website","url":"https:\/\/illusnanda.com\/","name":"Fernanda Cruces","description":"Ilustradora y Dise\u00f1adora Gr\u00e1fica: Visuels clairs et sensibles pour projets culturels et \u00e9ducatifs","potentialAction":[{"@type":"SearchAction","target":{"@type":"EntryPoint","urlTemplate":"https:\/\/illusnanda.com\/?s={search_term_string}"},"query-input":{"@type":"PropertyValueSpecification","valueRequired":true,"valueName":"search_term_string"}}],"inLanguage":"fr-BE"},{"@type":"Person","@id":"https:\/\/illusnanda.com\/#\/schema\/person\/9403b67fea3f868e55fd76191455c53a","name":"f3cruz","image":{"@type":"ImageObject","inLanguage":"fr-BE","@id":"https:\/\/secure.gravatar.com\/avatar\/9a7779f2a26964189635b201ff1db67c3cba68d3578d7a40a796e53c2ca63f6f?s=96&d=mm&r=g","url":"https:\/\/secure.gravatar.com\/avatar\/9a7779f2a26964189635b201ff1db67c3cba68d3578d7a40a796e53c2ca63f6f?s=96&d=mm&r=g","contentUrl":"https:\/\/secure.gravatar.com\/avatar\/9a7779f2a26964189635b201ff1db67c3cba68d3578d7a40a796e53c2ca63f6f?s=96&d=mm&r=g","caption":"f3cruz"},"sameAs":["https:\/\/illusnanda.com"],"url":"https:\/\/illusnanda.com\/fr\/author\/f3cruz\/"}]}},"_links":{"self":[{"href":"https:\/\/illusnanda.com\/fr\/wp-json\/wp\/v2\/posts\/1219","targetHints":{"allow":["GET"]}}],"collection":[{"href":"https:\/\/illusnanda.com\/fr\/wp-json\/wp\/v2\/posts"}],"about":[{"href":"https:\/\/illusnanda.com\/fr\/wp-json\/wp\/v2\/types\/post"}],"author":[{"embeddable":true,"href":"https:\/\/illusnanda.com\/fr\/wp-json\/wp\/v2\/users\/1"}],"replies":[{"embeddable":true,"href":"https:\/\/illusnanda.com\/fr\/wp-json\/wp\/v2\/comments?post=1219"}],"version-history":[{"count":25,"href":"https:\/\/illusnanda.com\/fr\/wp-json\/wp\/v2\/posts\/1219\/revisions"}],"predecessor-version":[{"id":1410,"href":"https:\/\/illusnanda.com\/fr\/wp-json\/wp\/v2\/posts\/1219\/revisions\/1410"}],"wp:featuredmedia":[{"embeddable":true,"href":"https:\/\/illusnanda.com\/fr\/wp-json\/wp\/v2\/media\/1238"}],"wp:attachment":[{"href":"https:\/\/illusnanda.com\/fr\/wp-json\/wp\/v2\/media?parent=1219"}],"wp:term":[{"taxonomy":"category","embeddable":true,"href":"https:\/\/illusnanda.com\/fr\/wp-json\/wp\/v2\/categories?post=1219"},{"taxonomy":"post_tag","embeddable":true,"href":"https:\/\/illusnanda.com\/fr\/wp-json\/wp\/v2\/tags?post=1219"}],"curies":[{"name":"wp","href":"https:\/\/api.w.org\/{rel}","templated":true}]}}