{"id":461,"date":"2023-09-01T14:38:40","date_gmt":"2023-09-01T12:38:40","guid":{"rendered":"https:\/\/illusnanda.com\/?p=461"},"modified":"2023-11-10T15:58:29","modified_gmt":"2023-11-10T14:58:29","slug":"la-venue-du-printemps","status":"publish","type":"post","link":"https:\/\/illusnanda.com\/fr\/la-venue-du-printemps\/","title":{"rendered":"La venue du printemps"},"content":{"rendered":"<div data-elementor-type=\"wp-post\" data-elementor-id=\"461\" class=\"elementor elementor-461\" data-elementor-post-type=\"post\">\n\t\t\t\t\t\t<section class=\"elementor-section elementor-top-section elementor-element elementor-element-4db368fb elementor-section-boxed elementor-section-height-default elementor-section-height-default\" data-id=\"4db368fb\" data-element_type=\"section\" data-e-type=\"section\">\n\t\t\t\t\t\t<div class=\"elementor-container elementor-column-gap-default\">\n\t\t\t\t\t<div class=\"elementor-column elementor-col-100 elementor-top-column elementor-element elementor-element-6999e1b1\" data-id=\"6999e1b1\" data-element_type=\"column\" data-e-type=\"column\">\n\t\t\t<div class=\"elementor-widget-wrap elementor-element-populated\">\n\t\t\t\t\t\t<div class=\"elementor-element elementor-element-33fdaca9 elementor-widget elementor-widget-heading\" data-id=\"33fdaca9\" data-element_type=\"widget\" data-e-type=\"widget\" data-widget_type=\"heading.default\">\n\t\t\t\t\t<h2 class=\"elementor-heading-title elementor-size-default\">La venue du printemps<\/h2>\t\t\t\t<\/div>\n\t\t\t\t\t<\/div>\n\t\t<\/div>\n\t\t\t\t\t<\/div>\n\t\t<\/section>\n\t\t\t\t<section class=\"elementor-section elementor-top-section elementor-element elementor-element-44d71400 elementor-section-content-middle elementor-section-boxed elementor-section-height-default elementor-section-height-default\" data-id=\"44d71400\" data-element_type=\"section\" data-e-type=\"section\">\n\t\t\t\t\t\t<div class=\"elementor-container elementor-column-gap-extended\">\n\t\t\t\t\t<div class=\"elementor-column elementor-col-100 elementor-top-column elementor-element elementor-element-359ce6a2\" data-id=\"359ce6a2\" data-element_type=\"column\" data-e-type=\"column\">\n\t\t\t<div class=\"elementor-widget-wrap elementor-element-populated\">\n\t\t\t\t\t\t<section class=\"elementor-section elementor-inner-section elementor-element elementor-element-a151c85 elementor-section-boxed elementor-section-height-default elementor-section-height-default\" data-id=\"a151c85\" data-element_type=\"section\" data-e-type=\"section\">\n\t\t\t\t\t\t<div class=\"elementor-container elementor-column-gap-default\">\n\t\t\t\t\t<div class=\"elementor-column elementor-col-100 elementor-inner-column elementor-element elementor-element-48dbb568\" data-id=\"48dbb568\" data-element_type=\"column\" data-e-type=\"column\">\n\t\t\t<div class=\"elementor-widget-wrap elementor-element-populated\">\n\t\t\t\t\t\t<div class=\"elementor-element elementor-element-5daebf60 elementor-widget elementor-widget-text-editor\" data-id=\"5daebf60\" data-element_type=\"widget\" data-e-type=\"widget\" data-widget_type=\"text-editor.default\">\n\t\t\t\t\t\t\t\t\t<p>BD r\u00e9alis\u00e9e pour la revue belge <a href=\"http:\/\/www.64page.com\/?cat=-1\">64 Pages,<\/a> un western chilien. Une fiction inspir\u00e9e des faits v\u00e9ridiques qui se sont pass\u00e9s au Chili \u00e0 la fin de l\u2019ann\u00e9e 2019.\u00a0<\/p>\t\t\t\t\t\t\t\t<\/div>\n\t\t\t\t\t<\/div>\n\t\t<\/div>\n\t\t\t\t\t<\/div>\n\t\t<\/section>\n\t\t\t\t\t<\/div>\n\t\t<\/div>\n\t\t\t\t\t<\/div>\n\t\t<\/section>\n\t\t\t\t<section class=\"elementor-section elementor-top-section elementor-element elementor-element-639cbaf1 elementor-section-content-middle elementor-section-boxed elementor-section-height-default elementor-section-height-default\" data-id=\"639cbaf1\" data-element_type=\"section\" data-e-type=\"section\">\n\t\t\t\t\t\t<div class=\"elementor-container elementor-column-gap-default\">\n\t\t\t\t\t<div class=\"elementor-column elementor-col-100 elementor-top-column elementor-element elementor-element-5f72d799\" data-id=\"5f72d799\" data-element_type=\"column\" data-e-type=\"column\">\n\t\t\t<div class=\"elementor-widget-wrap elementor-element-populated\">\n\t\t\t\t\t\t<div class=\"elementor-element elementor-element-18650e82 elementor-widget elementor-widget-gallery\" data-id=\"18650e82\" data-element_type=\"widget\" data-e-type=\"widget\" data-settings=\"{&quot;columns&quot;:2,&quot;gallery_layout&quot;:&quot;masonry&quot;,&quot;gap&quot;:{&quot;unit&quot;:&quot;px&quot;,&quot;size&quot;:50,&quot;sizes&quot;:[]},&quot;lazyload&quot;:&quot;yes&quot;,&quot;columns_tablet&quot;:2,&quot;columns_mobile&quot;:1,&quot;gap_tablet&quot;:{&quot;unit&quot;:&quot;px&quot;,&quot;size&quot;:10,&quot;sizes&quot;:[]},&quot;gap_mobile&quot;:{&quot;unit&quot;:&quot;px&quot;,&quot;size&quot;:10,&quot;sizes&quot;:[]},&quot;content_hover_animation&quot;:&quot;fade-in&quot;}\" data-widget_type=\"gallery.default\">\n\t\t\t\t\t\t\t<div class=\"elementor-gallery__container\">\n\t\t\t\t\t\t\t<div class=\"e-gallery-item elementor-gallery-item elementor-animated-content\">\n\t\t\t\t\t<div class=\"e-gallery-image elementor-gallery-item__image\" data-thumbnail=\"https:\/\/illusnanda.com\/wp-content\/uploads\/2023\/09\/1-fran-768x1086.png\" data-width=\"768\" data-height=\"1086\" aria-label=\"\" role=\"img\" ><\/div>\n\t\t\t\t\t\t\t\t\t\t\t\t\t\t<\/div>\n\t\t\t\t\t\t\t<div class=\"e-gallery-item elementor-gallery-item elementor-animated-content\">\n\t\t\t\t\t<div class=\"e-gallery-image elementor-gallery-item__image\" data-thumbnail=\"https:\/\/illusnanda.com\/wp-content\/uploads\/2023\/09\/2-fran-768x1086.png\" data-width=\"768\" data-height=\"1086\" aria-label=\"\" role=\"img\" ><\/div>\n\t\t\t\t\t\t\t\t\t\t\t\t\t\t<\/div>\n\t\t\t\t\t\t\t<div class=\"e-gallery-item elementor-gallery-item elementor-animated-content\">\n\t\t\t\t\t<div class=\"e-gallery-image elementor-gallery-item__image\" data-thumbnail=\"https:\/\/illusnanda.com\/wp-content\/uploads\/2023\/09\/3-fran-768x1086.png\" data-width=\"768\" data-height=\"1086\" aria-label=\"\" role=\"img\" ><\/div>\n\t\t\t\t\t\t\t\t\t\t\t\t\t\t<\/div>\n\t\t\t\t\t\t\t<div class=\"e-gallery-item elementor-gallery-item elementor-animated-content\">\n\t\t\t\t\t<div class=\"e-gallery-image elementor-gallery-item__image\" data-thumbnail=\"https:\/\/illusnanda.com\/wp-content\/uploads\/2023\/09\/4fran-768x1086.png\" data-width=\"768\" data-height=\"1086\" aria-label=\"\" role=\"img\" ><\/div>\n\t\t\t\t\t\t\t\t\t\t\t\t\t\t<\/div>\n\t\t\t\t\t<\/div>\n\t\t\t\t\t<\/div>\n\t\t\t\t\t<\/div>\n\t\t<\/div>\n\t\t\t\t\t<\/div>\n\t\t<\/section>\n\t\t\t\t<\/div>","protected":false},"excerpt":{"rendered":"<p>Historieta que realic\u00e9 para la revista 64 Pages, un western chileno. Una ficci\u00f3n inspirada en hechos ver\u00eddicos que remec\u00edan Chile en el a\u00f1o 2019.\u00a0<\/p>","protected":false},"author":1,"featured_media":493,"comment_status":"closed","ping_status":"closed","sticky":false,"template":"","format":"standard","meta":{"footnotes":""},"categories":[6],"tags":[],"class_list":["post-461","post","type-post","status-publish","format-standard","has-post-thumbnail","hentry","category-ilustracion"],"yoast_head":"<!-- This site is optimized with the Yoast SEO plugin v27.4 - https:\/\/yoast.com\/product\/yoast-seo-wordpress\/ -->\n<title>La venue du printemps - Fernanda Cruces<\/title>\n<meta name=\"robots\" content=\"index, follow, max-snippet:-1, max-image-preview:large, max-video-preview:-1\" \/>\n<link rel=\"canonical\" href=\"https:\/\/illusnanda.com\/fr\/la-venue-du-printemps\/\" \/>\n<meta property=\"og:locale\" content=\"fr_FR\" \/>\n<meta property=\"og:type\" content=\"article\" \/>\n<meta property=\"og:title\" content=\"La venue du printemps - Fernanda Cruces\" \/>\n<meta property=\"og:description\" content=\"Historieta que realic\u00e9 para la revista 64 Pages, un western chileno. Una ficci\u00f3n inspirada en hechos ver\u00eddicos que remec\u00edan Chile en el a\u00f1o 2019.\u00a0\" \/>\n<meta property=\"og:url\" content=\"https:\/\/illusnanda.com\/fr\/la-venue-du-printemps\/\" \/>\n<meta property=\"og:site_name\" content=\"Fernanda Cruces\" \/>\n<meta property=\"article:published_time\" content=\"2023-09-01T12:38:40+00:00\" \/>\n<meta property=\"article:modified_time\" content=\"2023-11-10T14:58:29+00:00\" \/>\n<meta property=\"og:image\" content=\"https:\/\/illusnanda.com\/wp-content\/uploads\/2023\/09\/pacoo.png\" \/>\n\t<meta property=\"og:image:width\" content=\"506\" \/>\n\t<meta property=\"og:image:height\" content=\"501\" \/>\n\t<meta property=\"og:image:type\" content=\"image\/png\" \/>\n<meta name=\"author\" content=\"f3cruz\" \/>\n<meta name=\"twitter:card\" content=\"summary_large_image\" \/>\n<meta name=\"twitter:label1\" content=\"\u00c9crit par\" \/>\n\t<meta name=\"twitter:data1\" content=\"f3cruz\" \/>\n\t<meta name=\"twitter:label2\" content=\"Dur\u00e9e de lecture est.\" \/>\n\t<meta name=\"twitter:data2\" content=\"1 minute\" \/>\n<script type=\"application\/ld+json\" class=\"yoast-schema-graph\">{\"@context\":\"https:\\\/\\\/schema.org\",\"@graph\":[{\"@type\":\"Article\",\"@id\":\"https:\\\/\\\/illusnanda.com\\\/la-venue-du-printemps\\\/#article\",\"isPartOf\":{\"@id\":\"https:\\\/\\\/illusnanda.com\\\/la-venue-du-printemps\\\/\"},\"author\":{\"name\":\"f3cruz\",\"@id\":\"https:\\\/\\\/illusnanda.com\\\/#\\\/schema\\\/person\\\/9403b67fea3f868e55fd76191455c53a\"},\"headline\":\"La venue du printemps\",\"datePublished\":\"2023-09-01T12:38:40+00:00\",\"dateModified\":\"2023-11-10T14:58:29+00:00\",\"mainEntityOfPage\":{\"@id\":\"https:\\\/\\\/illusnanda.com\\\/la-venue-du-printemps\\\/\"},\"wordCount\":30,\"image\":{\"@id\":\"https:\\\/\\\/illusnanda.com\\\/la-venue-du-printemps\\\/#primaryimage\"},\"thumbnailUrl\":\"https:\\\/\\\/illusnanda.com\\\/wp-content\\\/uploads\\\/2023\\\/09\\\/pacoo.png\",\"articleSection\":[\"Ilustraci\u00f3n\"],\"inLanguage\":\"fr-BE\"},{\"@type\":\"WebPage\",\"@id\":\"https:\\\/\\\/illusnanda.com\\\/la-venue-du-printemps\\\/\",\"url\":\"https:\\\/\\\/illusnanda.com\\\/la-venue-du-printemps\\\/\",\"name\":\"La venue du printemps - Fernanda Cruces\",\"isPartOf\":{\"@id\":\"https:\\\/\\\/illusnanda.com\\\/#website\"},\"primaryImageOfPage\":{\"@id\":\"https:\\\/\\\/illusnanda.com\\\/la-venue-du-printemps\\\/#primaryimage\"},\"image\":{\"@id\":\"https:\\\/\\\/illusnanda.com\\\/la-venue-du-printemps\\\/#primaryimage\"},\"thumbnailUrl\":\"https:\\\/\\\/illusnanda.com\\\/wp-content\\\/uploads\\\/2023\\\/09\\\/pacoo.png\",\"datePublished\":\"2023-09-01T12:38:40+00:00\",\"dateModified\":\"2023-11-10T14:58:29+00:00\",\"author\":{\"@id\":\"https:\\\/\\\/illusnanda.com\\\/#\\\/schema\\\/person\\\/9403b67fea3f868e55fd76191455c53a\"},\"breadcrumb\":{\"@id\":\"https:\\\/\\\/illusnanda.com\\\/la-venue-du-printemps\\\/#breadcrumb\"},\"inLanguage\":\"fr-BE\",\"potentialAction\":[{\"@type\":\"ReadAction\",\"target\":[\"https:\\\/\\\/illusnanda.com\\\/la-venue-du-printemps\\\/\"]}]},{\"@type\":\"ImageObject\",\"inLanguage\":\"fr-BE\",\"@id\":\"https:\\\/\\\/illusnanda.com\\\/la-venue-du-printemps\\\/#primaryimage\",\"url\":\"https:\\\/\\\/illusnanda.com\\\/wp-content\\\/uploads\\\/2023\\\/09\\\/pacoo.png\",\"contentUrl\":\"https:\\\/\\\/illusnanda.com\\\/wp-content\\\/uploads\\\/2023\\\/09\\\/pacoo.png\",\"width\":506,\"height\":501},{\"@type\":\"BreadcrumbList\",\"@id\":\"https:\\\/\\\/illusnanda.com\\\/la-venue-du-printemps\\\/#breadcrumb\",\"itemListElement\":[{\"@type\":\"ListItem\",\"position\":1,\"name\":\"Portada\",\"item\":\"https:\\\/\\\/illusnanda.com\\\/\"},{\"@type\":\"ListItem\",\"position\":2,\"name\":\"La venue du printemps\"}]},{\"@type\":\"WebSite\",\"@id\":\"https:\\\/\\\/illusnanda.com\\\/#website\",\"url\":\"https:\\\/\\\/illusnanda.com\\\/\",\"name\":\"Fernanda Cruces\",\"description\":\"Ilustradora y Dise\u00f1adora Gr\u00e1fica: Visuels clairs et sensibles pour projets culturels et \u00e9ducatifs\",\"potentialAction\":[{\"@type\":\"SearchAction\",\"target\":{\"@type\":\"EntryPoint\",\"urlTemplate\":\"https:\\\/\\\/illusnanda.com\\\/?s={search_term_string}\"},\"query-input\":{\"@type\":\"PropertyValueSpecification\",\"valueRequired\":true,\"valueName\":\"search_term_string\"}}],\"inLanguage\":\"fr-BE\"},{\"@type\":\"Person\",\"@id\":\"https:\\\/\\\/illusnanda.com\\\/#\\\/schema\\\/person\\\/9403b67fea3f868e55fd76191455c53a\",\"name\":\"f3cruz\",\"image\":{\"@type\":\"ImageObject\",\"inLanguage\":\"fr-BE\",\"@id\":\"https:\\\/\\\/secure.gravatar.com\\\/avatar\\\/9a7779f2a26964189635b201ff1db67c3cba68d3578d7a40a796e53c2ca63f6f?s=96&d=mm&r=g\",\"url\":\"https:\\\/\\\/secure.gravatar.com\\\/avatar\\\/9a7779f2a26964189635b201ff1db67c3cba68d3578d7a40a796e53c2ca63f6f?s=96&d=mm&r=g\",\"contentUrl\":\"https:\\\/\\\/secure.gravatar.com\\\/avatar\\\/9a7779f2a26964189635b201ff1db67c3cba68d3578d7a40a796e53c2ca63f6f?s=96&d=mm&r=g\",\"caption\":\"f3cruz\"},\"sameAs\":[\"https:\\\/\\\/illusnanda.com\"],\"url\":\"https:\\\/\\\/illusnanda.com\\\/fr\\\/author\\\/f3cruz\\\/\"}]}<\/script>\n<!-- \/ Yoast SEO plugin. -->","yoast_head_json":{"title":"La venue du printemps - Fernanda Cruces","robots":{"index":"index","follow":"follow","max-snippet":"max-snippet:-1","max-image-preview":"max-image-preview:large","max-video-preview":"max-video-preview:-1"},"canonical":"https:\/\/illusnanda.com\/fr\/la-venue-du-printemps\/","og_locale":"fr_FR","og_type":"article","og_title":"La venue du printemps - Fernanda Cruces","og_description":"Historieta que realic\u00e9 para la revista 64 Pages, un western chileno. Una ficci\u00f3n inspirada en hechos ver\u00eddicos que remec\u00edan Chile en el a\u00f1o 2019.\u00a0","og_url":"https:\/\/illusnanda.com\/fr\/la-venue-du-printemps\/","og_site_name":"Fernanda Cruces","article_published_time":"2023-09-01T12:38:40+00:00","article_modified_time":"2023-11-10T14:58:29+00:00","og_image":[{"width":506,"height":501,"url":"https:\/\/illusnanda.com\/wp-content\/uploads\/2023\/09\/pacoo.png","type":"image\/png"}],"author":"f3cruz","twitter_card":"summary_large_image","twitter_misc":{"\u00c9crit par":"f3cruz","Dur\u00e9e de lecture est.":"1 minute"},"schema":{"@context":"https:\/\/schema.org","@graph":[{"@type":"Article","@id":"https:\/\/illusnanda.com\/la-venue-du-printemps\/#article","isPartOf":{"@id":"https:\/\/illusnanda.com\/la-venue-du-printemps\/"},"author":{"name":"f3cruz","@id":"https:\/\/illusnanda.com\/#\/schema\/person\/9403b67fea3f868e55fd76191455c53a"},"headline":"La venue du printemps","datePublished":"2023-09-01T12:38:40+00:00","dateModified":"2023-11-10T14:58:29+00:00","mainEntityOfPage":{"@id":"https:\/\/illusnanda.com\/la-venue-du-printemps\/"},"wordCount":30,"image":{"@id":"https:\/\/illusnanda.com\/la-venue-du-printemps\/#primaryimage"},"thumbnailUrl":"https:\/\/illusnanda.com\/wp-content\/uploads\/2023\/09\/pacoo.png","articleSection":["Ilustraci\u00f3n"],"inLanguage":"fr-BE"},{"@type":"WebPage","@id":"https:\/\/illusnanda.com\/la-venue-du-printemps\/","url":"https:\/\/illusnanda.com\/la-venue-du-printemps\/","name":"La venue du printemps - Fernanda Cruces","isPartOf":{"@id":"https:\/\/illusnanda.com\/#website"},"primaryImageOfPage":{"@id":"https:\/\/illusnanda.com\/la-venue-du-printemps\/#primaryimage"},"image":{"@id":"https:\/\/illusnanda.com\/la-venue-du-printemps\/#primaryimage"},"thumbnailUrl":"https:\/\/illusnanda.com\/wp-content\/uploads\/2023\/09\/pacoo.png","datePublished":"2023-09-01T12:38:40+00:00","dateModified":"2023-11-10T14:58:29+00:00","author":{"@id":"https:\/\/illusnanda.com\/#\/schema\/person\/9403b67fea3f868e55fd76191455c53a"},"breadcrumb":{"@id":"https:\/\/illusnanda.com\/la-venue-du-printemps\/#breadcrumb"},"inLanguage":"fr-BE","potentialAction":[{"@type":"ReadAction","target":["https:\/\/illusnanda.com\/la-venue-du-printemps\/"]}]},{"@type":"ImageObject","inLanguage":"fr-BE","@id":"https:\/\/illusnanda.com\/la-venue-du-printemps\/#primaryimage","url":"https:\/\/illusnanda.com\/wp-content\/uploads\/2023\/09\/pacoo.png","contentUrl":"https:\/\/illusnanda.com\/wp-content\/uploads\/2023\/09\/pacoo.png","width":506,"height":501},{"@type":"BreadcrumbList","@id":"https:\/\/illusnanda.com\/la-venue-du-printemps\/#breadcrumb","itemListElement":[{"@type":"ListItem","position":1,"name":"Portada","item":"https:\/\/illusnanda.com\/"},{"@type":"ListItem","position":2,"name":"La venue du printemps"}]},{"@type":"WebSite","@id":"https:\/\/illusnanda.com\/#website","url":"https:\/\/illusnanda.com\/","name":"Fernanda Cruces","description":"Ilustradora y Dise\u00f1adora Gr\u00e1fica: Visuels clairs et sensibles pour projets culturels et \u00e9ducatifs","potentialAction":[{"@type":"SearchAction","target":{"@type":"EntryPoint","urlTemplate":"https:\/\/illusnanda.com\/?s={search_term_string}"},"query-input":{"@type":"PropertyValueSpecification","valueRequired":true,"valueName":"search_term_string"}}],"inLanguage":"fr-BE"},{"@type":"Person","@id":"https:\/\/illusnanda.com\/#\/schema\/person\/9403b67fea3f868e55fd76191455c53a","name":"f3cruz","image":{"@type":"ImageObject","inLanguage":"fr-BE","@id":"https:\/\/secure.gravatar.com\/avatar\/9a7779f2a26964189635b201ff1db67c3cba68d3578d7a40a796e53c2ca63f6f?s=96&d=mm&r=g","url":"https:\/\/secure.gravatar.com\/avatar\/9a7779f2a26964189635b201ff1db67c3cba68d3578d7a40a796e53c2ca63f6f?s=96&d=mm&r=g","contentUrl":"https:\/\/secure.gravatar.com\/avatar\/9a7779f2a26964189635b201ff1db67c3cba68d3578d7a40a796e53c2ca63f6f?s=96&d=mm&r=g","caption":"f3cruz"},"sameAs":["https:\/\/illusnanda.com"],"url":"https:\/\/illusnanda.com\/fr\/author\/f3cruz\/"}]}},"_links":{"self":[{"href":"https:\/\/illusnanda.com\/fr\/wp-json\/wp\/v2\/posts\/461","targetHints":{"allow":["GET"]}}],"collection":[{"href":"https:\/\/illusnanda.com\/fr\/wp-json\/wp\/v2\/posts"}],"about":[{"href":"https:\/\/illusnanda.com\/fr\/wp-json\/wp\/v2\/types\/post"}],"author":[{"embeddable":true,"href":"https:\/\/illusnanda.com\/fr\/wp-json\/wp\/v2\/users\/1"}],"replies":[{"embeddable":true,"href":"https:\/\/illusnanda.com\/fr\/wp-json\/wp\/v2\/comments?post=461"}],"version-history":[{"count":48,"href":"https:\/\/illusnanda.com\/fr\/wp-json\/wp\/v2\/posts\/461\/revisions"}],"predecessor-version":[{"id":1175,"href":"https:\/\/illusnanda.com\/fr\/wp-json\/wp\/v2\/posts\/461\/revisions\/1175"}],"wp:featuredmedia":[{"embeddable":true,"href":"https:\/\/illusnanda.com\/fr\/wp-json\/wp\/v2\/media\/493"}],"wp:attachment":[{"href":"https:\/\/illusnanda.com\/fr\/wp-json\/wp\/v2\/media?parent=461"}],"wp:term":[{"taxonomy":"category","embeddable":true,"href":"https:\/\/illusnanda.com\/fr\/wp-json\/wp\/v2\/categories?post=461"},{"taxonomy":"post_tag","embeddable":true,"href":"https:\/\/illusnanda.com\/fr\/wp-json\/wp\/v2\/tags?post=461"}],"curies":[{"name":"wp","href":"https:\/\/api.w.org\/{rel}","templated":true}]}}