{"id":513,"date":"2023-09-01T15:59:36","date_gmt":"2023-09-01T13:59:36","guid":{"rendered":"https:\/\/illusnanda.com\/?p=513"},"modified":"2026-01-21T11:09:15","modified_gmt":"2026-01-21T10:09:15","slug":"festival-o-tour-des-contes","status":"publish","type":"post","link":"https:\/\/illusnanda.com\/fr\/festival-o-tour-des-contes\/","title":{"rendered":"Festival \u00d4 Tour des Contes"},"content":{"rendered":"<div data-elementor-type=\"wp-post\" data-elementor-id=\"513\" class=\"elementor elementor-513\" data-elementor-post-type=\"post\">\n\t\t\t\t\t\t<section class=\"elementor-section elementor-top-section elementor-element elementor-element-189e085b elementor-section-boxed elementor-section-height-default elementor-section-height-default\" data-id=\"189e085b\" data-element_type=\"section\" data-e-type=\"section\">\n\t\t\t\t\t\t<div class=\"elementor-container elementor-column-gap-default\">\n\t\t\t\t\t<div class=\"elementor-column elementor-col-100 elementor-top-column elementor-element elementor-element-2d12762e\" data-id=\"2d12762e\" data-element_type=\"column\" data-e-type=\"column\">\n\t\t\t<div class=\"elementor-widget-wrap elementor-element-populated\">\n\t\t\t\t\t\t<div class=\"elementor-element elementor-element-40ea0ca3 elementor-widget elementor-widget-heading\" data-id=\"40ea0ca3\" data-element_type=\"widget\" data-e-type=\"widget\" data-widget_type=\"heading.default\">\n\t\t\t\t\t<h2 class=\"elementor-heading-title elementor-size-default\">Festival \u00d4 Tour des Contes<\/h2>\t\t\t\t<\/div>\n\t\t\t\t\t<\/div>\n\t\t<\/div>\n\t\t\t\t\t<\/div>\n\t\t<\/section>\n\t\t\t\t<section class=\"elementor-section elementor-top-section elementor-element elementor-element-1a24485 elementor-section-content-middle elementor-section-boxed elementor-section-height-default elementor-section-height-default\" data-id=\"1a24485\" data-element_type=\"section\" data-e-type=\"section\">\n\t\t\t\t\t\t<div class=\"elementor-container elementor-column-gap-extended\">\n\t\t\t\t\t<div class=\"elementor-column elementor-col-100 elementor-top-column elementor-element elementor-element-79dd4a5c\" data-id=\"79dd4a5c\" data-element_type=\"column\" data-e-type=\"column\">\n\t\t\t<div class=\"elementor-widget-wrap elementor-element-populated\">\n\t\t\t\t\t\t<section class=\"elementor-section elementor-inner-section elementor-element elementor-element-209d25e8 elementor-section-boxed elementor-section-height-default elementor-section-height-default\" data-id=\"209d25e8\" data-element_type=\"section\" data-e-type=\"section\">\n\t\t\t\t\t\t<div class=\"elementor-container elementor-column-gap-default\">\n\t\t\t\t\t<div class=\"elementor-column elementor-col-100 elementor-inner-column elementor-element elementor-element-7b551d82\" data-id=\"7b551d82\" data-element_type=\"column\" data-e-type=\"column\">\n\t\t\t<div class=\"elementor-widget-wrap elementor-element-populated\">\n\t\t\t\t\t\t<div class=\"elementor-element elementor-element-6e5986af elementor-widget elementor-widget-text-editor\" data-id=\"6e5986af\" data-element_type=\"widget\" data-e-type=\"widget\" data-widget_type=\"text-editor.default\">\n\t\t\t\t\t\t\t\t\t<p data-start=\"116\" data-end=\"330\">De 2022 \u00e0 2024, j\u2019ai particip\u00e9 \u00e0 la <strong data-start=\"152\" data-end=\"206\">conception graphique<\/strong> du festival <a href=\"https:\/\/www.otourdescontes.be\/\">\u00d4 Tour des Contes<\/a>, \u00e0 Forest (Bruxelles), un \u00e9v\u00e9nement annuel d\u00e9di\u00e9 \u00e0 la rencontre entre les familles et des artistes venus du monde entier.<\/p><p data-start=\"337\" data-end=\"531\">Le festival propose principalement des contes, ainsi que des spectacles de th\u00e9\u00e2tre, de musique et des propositions en arts plastiques, dans une ambiance conviviale et ouverte \u00e0 tous les publics.<\/p>\t\t\t\t\t\t\t\t<\/div>\n\t\t\t\t\t<\/div>\n\t\t<\/div>\n\t\t\t\t\t<\/div>\n\t\t<\/section>\n\t\t\t\t\t<\/div>\n\t\t<\/div>\n\t\t\t\t\t<\/div>\n\t\t<\/section>\n\t\t\t\t<section class=\"elementor-section elementor-top-section elementor-element elementor-element-1defbdc elementor-section-content-middle elementor-section-boxed elementor-section-height-default elementor-section-height-default\" data-id=\"1defbdc\" data-element_type=\"section\" data-e-type=\"section\">\n\t\t\t\t\t\t<div class=\"elementor-container elementor-column-gap-default\">\n\t\t\t\t\t<div class=\"elementor-column elementor-col-100 elementor-top-column elementor-element elementor-element-24fc629d\" data-id=\"24fc629d\" data-element_type=\"column\" data-e-type=\"column\">\n\t\t\t<div class=\"elementor-widget-wrap elementor-element-populated\">\n\t\t\t\t\t\t<div class=\"elementor-element elementor-element-387faa63 elementor-widget elementor-widget-gallery\" data-id=\"387faa63\" data-element_type=\"widget\" data-e-type=\"widget\" data-settings=\"{&quot;columns&quot;:2,&quot;gallery_layout&quot;:&quot;masonry&quot;,&quot;gap&quot;:{&quot;unit&quot;:&quot;px&quot;,&quot;size&quot;:50,&quot;sizes&quot;:[]},&quot;image_hover_animation&quot;:&quot;grow&quot;,&quot;lazyload&quot;:&quot;yes&quot;,&quot;columns_tablet&quot;:2,&quot;columns_mobile&quot;:1,&quot;gap_tablet&quot;:{&quot;unit&quot;:&quot;px&quot;,&quot;size&quot;:10,&quot;sizes&quot;:[]},&quot;gap_mobile&quot;:{&quot;unit&quot;:&quot;px&quot;,&quot;size&quot;:10,&quot;sizes&quot;:[]},&quot;content_hover_animation&quot;:&quot;fade-in&quot;}\" data-widget_type=\"gallery.default\">\n\t\t\t\t\t\t\t<div class=\"elementor-gallery__container\">\n\t\t\t\t\t\t\t<div class=\"e-gallery-item elementor-gallery-item elementor-animated-content\">\n\t\t\t\t\t<div class=\"e-gallery-image elementor-gallery-item__image\" data-thumbnail=\"https:\/\/illusnanda.com\/wp-content\/uploads\/2023\/09\/illus-768x784.png\" data-width=\"768\" data-height=\"784\" aria-label=\"\" role=\"img\" ><\/div>\n\t\t\t\t\t\t\t\t\t\t\t\t\t\t<\/div>\n\t\t\t\t\t\t\t<div class=\"e-gallery-item elementor-gallery-item elementor-animated-content\">\n\t\t\t\t\t<div class=\"e-gallery-image elementor-gallery-item__image\" data-thumbnail=\"https:\/\/illusnanda.com\/wp-content\/uploads\/2023\/09\/57720-768x513.png\" data-width=\"768\" data-height=\"513\" aria-label=\"\" role=\"img\" ><\/div>\n\t\t\t\t\t\t\t\t\t\t\t\t\t\t<\/div>\n\t\t\t\t\t\t\t<div class=\"e-gallery-item elementor-gallery-item elementor-animated-content\">\n\t\t\t\t\t<div class=\"e-gallery-image elementor-gallery-item__image\" data-thumbnail=\"https:\/\/illusnanda.com\/wp-content\/uploads\/2023\/09\/programa-768x576.png\" data-width=\"768\" data-height=\"576\" aria-label=\"\" role=\"img\" ><\/div>\n\t\t\t\t\t\t\t\t\t\t\t\t\t\t<\/div>\n\t\t\t\t\t\t\t<div class=\"e-gallery-item elementor-gallery-item elementor-animated-content\">\n\t\t\t\t\t<div class=\"e-gallery-image elementor-gallery-item__image\" data-thumbnail=\"https:\/\/illusnanda.com\/wp-content\/uploads\/2023\/09\/344852016_770868437913866_4559668932803358969_n-768x1124.png\" data-width=\"768\" data-height=\"1124\" aria-label=\"\" role=\"img\" ><\/div>\n\t\t\t\t\t\t\t\t\t\t\t\t\t\t<\/div>\n\t\t\t\t\t\t\t<div class=\"e-gallery-item elementor-gallery-item elementor-animated-content\">\n\t\t\t\t\t<div class=\"e-gallery-image elementor-gallery-item__image\" data-thumbnail=\"https:\/\/illusnanda.com\/wp-content\/uploads\/2023\/09\/rm370-08-3-768x768.png\" data-width=\"768\" data-height=\"768\" aria-label=\"\" role=\"img\" ><\/div>\n\t\t\t\t\t\t\t\t\t\t\t\t\t\t<\/div>\n\t\t\t\t\t<\/div>\n\t\t\t\t\t<\/div>\n\t\t\t\t\t<\/div>\n\t\t<\/div>\n\t\t\t\t\t<\/div>\n\t\t<\/section>\n\t\t\t\t<\/div>","protected":false},"excerpt":{"rendered":"<p>De 2022 \u00e0 2024, j\u2019ai particip\u00e9 \u00e0 la conception graphique du festival \u00d4 Tour des Contes, \u00e0 Forest (Bruxelles), un \u00e9v\u00e9nement annuel d\u00e9di\u00e9 \u00e0 la rencontre entre les familles et des artistes venus du monde entier. Le festival propose principalement des contes, ainsi que des spectacles de th\u00e9\u00e2tre, de musique et des propositions en arts [&hellip;]<\/p>\n","protected":false},"author":1,"featured_media":619,"comment_status":"closed","ping_status":"closed","sticky":false,"template":"","format":"standard","meta":{"footnotes":""},"categories":[1,6],"tags":[],"class_list":["post-513","post","type-post","status-publish","format-standard","has-post-thumbnail","hentry","category-diseno-grafico","category-ilustracion"],"yoast_head":"<!-- This site is optimized with the Yoast SEO plugin v27.4 - https:\/\/yoast.com\/product\/yoast-seo-wordpress\/ -->\n<title>Festival \u00d4 Tour des Contes - Fernanda Cruces<\/title>\n<meta name=\"robots\" content=\"index, follow, max-snippet:-1, max-image-preview:large, max-video-preview:-1\" \/>\n<link rel=\"canonical\" href=\"https:\/\/illusnanda.com\/fr\/festival-o-tour-des-contes\/\" \/>\n<meta property=\"og:locale\" content=\"fr_FR\" \/>\n<meta property=\"og:type\" content=\"article\" \/>\n<meta property=\"og:title\" content=\"Festival \u00d4 Tour des Contes - Fernanda Cruces\" \/>\n<meta property=\"og:description\" content=\"De 2022 \u00e0 2024, j\u2019ai particip\u00e9 \u00e0 la conception graphique du festival \u00d4 Tour des Contes, \u00e0 Forest (Bruxelles), un \u00e9v\u00e9nement annuel d\u00e9di\u00e9 \u00e0 la rencontre entre les familles et des artistes venus du monde entier. Le festival propose principalement des contes, ainsi que des spectacles de th\u00e9\u00e2tre, de musique et des propositions en arts [&hellip;]\" \/>\n<meta property=\"og:url\" content=\"https:\/\/illusnanda.com\/fr\/festival-o-tour-des-contes\/\" \/>\n<meta property=\"og:site_name\" content=\"Fernanda Cruces\" \/>\n<meta property=\"article:published_time\" content=\"2023-09-01T13:59:36+00:00\" \/>\n<meta property=\"article:modified_time\" content=\"2026-01-21T10:09:15+00:00\" \/>\n<meta property=\"og:image\" content=\"https:\/\/illusnanda.com\/wp-content\/uploads\/2023\/09\/57720-1024x684.png\" \/>\n\t<meta property=\"og:image:width\" content=\"1024\" \/>\n\t<meta property=\"og:image:height\" content=\"684\" \/>\n\t<meta property=\"og:image:type\" content=\"image\/png\" \/>\n<meta name=\"author\" content=\"f3cruz\" \/>\n<meta name=\"twitter:card\" content=\"summary_large_image\" \/>\n<meta name=\"twitter:label1\" content=\"\u00c9crit par\" \/>\n\t<meta name=\"twitter:data1\" content=\"f3cruz\" \/>\n\t<meta name=\"twitter:label2\" content=\"Dur\u00e9e de lecture est.\" \/>\n\t<meta name=\"twitter:data2\" content=\"1 minute\" \/>\n<script type=\"application\/ld+json\" class=\"yoast-schema-graph\">{\"@context\":\"https:\\\/\\\/schema.org\",\"@graph\":[{\"@type\":\"Article\",\"@id\":\"https:\\\/\\\/illusnanda.com\\\/festival-o-tour-des-contes\\\/#article\",\"isPartOf\":{\"@id\":\"https:\\\/\\\/illusnanda.com\\\/festival-o-tour-des-contes\\\/\"},\"author\":{\"name\":\"f3cruz\",\"@id\":\"https:\\\/\\\/illusnanda.com\\\/#\\\/schema\\\/person\\\/9403b67fea3f868e55fd76191455c53a\"},\"headline\":\"Festival \u00d4 Tour des Contes\",\"datePublished\":\"2023-09-01T13:59:36+00:00\",\"dateModified\":\"2026-01-21T10:09:15+00:00\",\"mainEntityOfPage\":{\"@id\":\"https:\\\/\\\/illusnanda.com\\\/festival-o-tour-des-contes\\\/\"},\"wordCount\":66,\"image\":{\"@id\":\"https:\\\/\\\/illusnanda.com\\\/festival-o-tour-des-contes\\\/#primaryimage\"},\"thumbnailUrl\":\"https:\\\/\\\/illusnanda.com\\\/wp-content\\\/uploads\\\/2023\\\/09\\\/57720.png\",\"articleSection\":[\"Dise\u00f1o Gr\u00e1fico\",\"Ilustraci\u00f3n\"],\"inLanguage\":\"fr-BE\"},{\"@type\":\"WebPage\",\"@id\":\"https:\\\/\\\/illusnanda.com\\\/festival-o-tour-des-contes\\\/\",\"url\":\"https:\\\/\\\/illusnanda.com\\\/festival-o-tour-des-contes\\\/\",\"name\":\"Festival \u00d4 Tour des Contes - Fernanda Cruces\",\"isPartOf\":{\"@id\":\"https:\\\/\\\/illusnanda.com\\\/#website\"},\"primaryImageOfPage\":{\"@id\":\"https:\\\/\\\/illusnanda.com\\\/festival-o-tour-des-contes\\\/#primaryimage\"},\"image\":{\"@id\":\"https:\\\/\\\/illusnanda.com\\\/festival-o-tour-des-contes\\\/#primaryimage\"},\"thumbnailUrl\":\"https:\\\/\\\/illusnanda.com\\\/wp-content\\\/uploads\\\/2023\\\/09\\\/57720.png\",\"datePublished\":\"2023-09-01T13:59:36+00:00\",\"dateModified\":\"2026-01-21T10:09:15+00:00\",\"author\":{\"@id\":\"https:\\\/\\\/illusnanda.com\\\/#\\\/schema\\\/person\\\/9403b67fea3f868e55fd76191455c53a\"},\"breadcrumb\":{\"@id\":\"https:\\\/\\\/illusnanda.com\\\/festival-o-tour-des-contes\\\/#breadcrumb\"},\"inLanguage\":\"fr-BE\",\"potentialAction\":[{\"@type\":\"ReadAction\",\"target\":[\"https:\\\/\\\/illusnanda.com\\\/festival-o-tour-des-contes\\\/\"]}]},{\"@type\":\"ImageObject\",\"inLanguage\":\"fr-BE\",\"@id\":\"https:\\\/\\\/illusnanda.com\\\/festival-o-tour-des-contes\\\/#primaryimage\",\"url\":\"https:\\\/\\\/illusnanda.com\\\/wp-content\\\/uploads\\\/2023\\\/09\\\/57720.png\",\"contentUrl\":\"https:\\\/\\\/illusnanda.com\\\/wp-content\\\/uploads\\\/2023\\\/09\\\/57720.png\",\"width\":1594,\"height\":1064},{\"@type\":\"BreadcrumbList\",\"@id\":\"https:\\\/\\\/illusnanda.com\\\/festival-o-tour-des-contes\\\/#breadcrumb\",\"itemListElement\":[{\"@type\":\"ListItem\",\"position\":1,\"name\":\"Portada\",\"item\":\"https:\\\/\\\/illusnanda.com\\\/\"},{\"@type\":\"ListItem\",\"position\":2,\"name\":\"Festival \u00d4 Tour des Contes\"}]},{\"@type\":\"WebSite\",\"@id\":\"https:\\\/\\\/illusnanda.com\\\/#website\",\"url\":\"https:\\\/\\\/illusnanda.com\\\/\",\"name\":\"Fernanda Cruces\",\"description\":\"Ilustradora y Dise\u00f1adora Gr\u00e1fica: Visuels clairs et sensibles pour projets culturels et \u00e9ducatifs\",\"potentialAction\":[{\"@type\":\"SearchAction\",\"target\":{\"@type\":\"EntryPoint\",\"urlTemplate\":\"https:\\\/\\\/illusnanda.com\\\/?s={search_term_string}\"},\"query-input\":{\"@type\":\"PropertyValueSpecification\",\"valueRequired\":true,\"valueName\":\"search_term_string\"}}],\"inLanguage\":\"fr-BE\"},{\"@type\":\"Person\",\"@id\":\"https:\\\/\\\/illusnanda.com\\\/#\\\/schema\\\/person\\\/9403b67fea3f868e55fd76191455c53a\",\"name\":\"f3cruz\",\"image\":{\"@type\":\"ImageObject\",\"inLanguage\":\"fr-BE\",\"@id\":\"https:\\\/\\\/secure.gravatar.com\\\/avatar\\\/9a7779f2a26964189635b201ff1db67c3cba68d3578d7a40a796e53c2ca63f6f?s=96&d=mm&r=g\",\"url\":\"https:\\\/\\\/secure.gravatar.com\\\/avatar\\\/9a7779f2a26964189635b201ff1db67c3cba68d3578d7a40a796e53c2ca63f6f?s=96&d=mm&r=g\",\"contentUrl\":\"https:\\\/\\\/secure.gravatar.com\\\/avatar\\\/9a7779f2a26964189635b201ff1db67c3cba68d3578d7a40a796e53c2ca63f6f?s=96&d=mm&r=g\",\"caption\":\"f3cruz\"},\"sameAs\":[\"https:\\\/\\\/illusnanda.com\"],\"url\":\"https:\\\/\\\/illusnanda.com\\\/fr\\\/author\\\/f3cruz\\\/\"}]}<\/script>\n<!-- \/ Yoast SEO plugin. -->","yoast_head_json":{"title":"Festival \u00d4 Tour des Contes - Fernanda Cruces","robots":{"index":"index","follow":"follow","max-snippet":"max-snippet:-1","max-image-preview":"max-image-preview:large","max-video-preview":"max-video-preview:-1"},"canonical":"https:\/\/illusnanda.com\/fr\/festival-o-tour-des-contes\/","og_locale":"fr_FR","og_type":"article","og_title":"Festival \u00d4 Tour des Contes - Fernanda Cruces","og_description":"De 2022 \u00e0 2024, j\u2019ai particip\u00e9 \u00e0 la conception graphique du festival \u00d4 Tour des Contes, \u00e0 Forest (Bruxelles), un \u00e9v\u00e9nement annuel d\u00e9di\u00e9 \u00e0 la rencontre entre les familles et des artistes venus du monde entier. Le festival propose principalement des contes, ainsi que des spectacles de th\u00e9\u00e2tre, de musique et des propositions en arts [&hellip;]","og_url":"https:\/\/illusnanda.com\/fr\/festival-o-tour-des-contes\/","og_site_name":"Fernanda Cruces","article_published_time":"2023-09-01T13:59:36+00:00","article_modified_time":"2026-01-21T10:09:15+00:00","og_image":[{"width":1024,"height":684,"url":"https:\/\/illusnanda.com\/wp-content\/uploads\/2023\/09\/57720-1024x684.png","type":"image\/png"}],"author":"f3cruz","twitter_card":"summary_large_image","twitter_misc":{"\u00c9crit par":"f3cruz","Dur\u00e9e de lecture est.":"1 minute"},"schema":{"@context":"https:\/\/schema.org","@graph":[{"@type":"Article","@id":"https:\/\/illusnanda.com\/festival-o-tour-des-contes\/#article","isPartOf":{"@id":"https:\/\/illusnanda.com\/festival-o-tour-des-contes\/"},"author":{"name":"f3cruz","@id":"https:\/\/illusnanda.com\/#\/schema\/person\/9403b67fea3f868e55fd76191455c53a"},"headline":"Festival \u00d4 Tour des Contes","datePublished":"2023-09-01T13:59:36+00:00","dateModified":"2026-01-21T10:09:15+00:00","mainEntityOfPage":{"@id":"https:\/\/illusnanda.com\/festival-o-tour-des-contes\/"},"wordCount":66,"image":{"@id":"https:\/\/illusnanda.com\/festival-o-tour-des-contes\/#primaryimage"},"thumbnailUrl":"https:\/\/illusnanda.com\/wp-content\/uploads\/2023\/09\/57720.png","articleSection":["Dise\u00f1o Gr\u00e1fico","Ilustraci\u00f3n"],"inLanguage":"fr-BE"},{"@type":"WebPage","@id":"https:\/\/illusnanda.com\/festival-o-tour-des-contes\/","url":"https:\/\/illusnanda.com\/festival-o-tour-des-contes\/","name":"Festival \u00d4 Tour des Contes - Fernanda Cruces","isPartOf":{"@id":"https:\/\/illusnanda.com\/#website"},"primaryImageOfPage":{"@id":"https:\/\/illusnanda.com\/festival-o-tour-des-contes\/#primaryimage"},"image":{"@id":"https:\/\/illusnanda.com\/festival-o-tour-des-contes\/#primaryimage"},"thumbnailUrl":"https:\/\/illusnanda.com\/wp-content\/uploads\/2023\/09\/57720.png","datePublished":"2023-09-01T13:59:36+00:00","dateModified":"2026-01-21T10:09:15+00:00","author":{"@id":"https:\/\/illusnanda.com\/#\/schema\/person\/9403b67fea3f868e55fd76191455c53a"},"breadcrumb":{"@id":"https:\/\/illusnanda.com\/festival-o-tour-des-contes\/#breadcrumb"},"inLanguage":"fr-BE","potentialAction":[{"@type":"ReadAction","target":["https:\/\/illusnanda.com\/festival-o-tour-des-contes\/"]}]},{"@type":"ImageObject","inLanguage":"fr-BE","@id":"https:\/\/illusnanda.com\/festival-o-tour-des-contes\/#primaryimage","url":"https:\/\/illusnanda.com\/wp-content\/uploads\/2023\/09\/57720.png","contentUrl":"https:\/\/illusnanda.com\/wp-content\/uploads\/2023\/09\/57720.png","width":1594,"height":1064},{"@type":"BreadcrumbList","@id":"https:\/\/illusnanda.com\/festival-o-tour-des-contes\/#breadcrumb","itemListElement":[{"@type":"ListItem","position":1,"name":"Portada","item":"https:\/\/illusnanda.com\/"},{"@type":"ListItem","position":2,"name":"Festival \u00d4 Tour des Contes"}]},{"@type":"WebSite","@id":"https:\/\/illusnanda.com\/#website","url":"https:\/\/illusnanda.com\/","name":"Fernanda Cruces","description":"Ilustradora y Dise\u00f1adora Gr\u00e1fica: Visuels clairs et sensibles pour projets culturels et \u00e9ducatifs","potentialAction":[{"@type":"SearchAction","target":{"@type":"EntryPoint","urlTemplate":"https:\/\/illusnanda.com\/?s={search_term_string}"},"query-input":{"@type":"PropertyValueSpecification","valueRequired":true,"valueName":"search_term_string"}}],"inLanguage":"fr-BE"},{"@type":"Person","@id":"https:\/\/illusnanda.com\/#\/schema\/person\/9403b67fea3f868e55fd76191455c53a","name":"f3cruz","image":{"@type":"ImageObject","inLanguage":"fr-BE","@id":"https:\/\/secure.gravatar.com\/avatar\/9a7779f2a26964189635b201ff1db67c3cba68d3578d7a40a796e53c2ca63f6f?s=96&d=mm&r=g","url":"https:\/\/secure.gravatar.com\/avatar\/9a7779f2a26964189635b201ff1db67c3cba68d3578d7a40a796e53c2ca63f6f?s=96&d=mm&r=g","contentUrl":"https:\/\/secure.gravatar.com\/avatar\/9a7779f2a26964189635b201ff1db67c3cba68d3578d7a40a796e53c2ca63f6f?s=96&d=mm&r=g","caption":"f3cruz"},"sameAs":["https:\/\/illusnanda.com"],"url":"https:\/\/illusnanda.com\/fr\/author\/f3cruz\/"}]}},"_links":{"self":[{"href":"https:\/\/illusnanda.com\/fr\/wp-json\/wp\/v2\/posts\/513","targetHints":{"allow":["GET"]}}],"collection":[{"href":"https:\/\/illusnanda.com\/fr\/wp-json\/wp\/v2\/posts"}],"about":[{"href":"https:\/\/illusnanda.com\/fr\/wp-json\/wp\/v2\/types\/post"}],"author":[{"embeddable":true,"href":"https:\/\/illusnanda.com\/fr\/wp-json\/wp\/v2\/users\/1"}],"replies":[{"embeddable":true,"href":"https:\/\/illusnanda.com\/fr\/wp-json\/wp\/v2\/comments?post=513"}],"version-history":[{"count":61,"href":"https:\/\/illusnanda.com\/fr\/wp-json\/wp\/v2\/posts\/513\/revisions"}],"predecessor-version":[{"id":1380,"href":"https:\/\/illusnanda.com\/fr\/wp-json\/wp\/v2\/posts\/513\/revisions\/1380"}],"wp:featuredmedia":[{"embeddable":true,"href":"https:\/\/illusnanda.com\/fr\/wp-json\/wp\/v2\/media\/619"}],"wp:attachment":[{"href":"https:\/\/illusnanda.com\/fr\/wp-json\/wp\/v2\/media?parent=513"}],"wp:term":[{"taxonomy":"category","embeddable":true,"href":"https:\/\/illusnanda.com\/fr\/wp-json\/wp\/v2\/categories?post=513"},{"taxonomy":"post_tag","embeddable":true,"href":"https:\/\/illusnanda.com\/fr\/wp-json\/wp\/v2\/tags?post=513"}],"curies":[{"name":"wp","href":"https:\/\/api.w.org\/{rel}","templated":true}]}}