{"id":643,"date":"2023-09-28T14:27:46","date_gmt":"2023-09-28T12:27:46","guid":{"rendered":"https:\/\/illusnanda.com\/?p=643"},"modified":"2026-01-21T11:13:28","modified_gmt":"2026-01-21T10:13:28","slug":"o-monde-des-histoires","status":"publish","type":"post","link":"https:\/\/illusnanda.com\/fr\/o-monde-des-histoires\/","title":{"rendered":"\u00d4 Monde des Histoires"},"content":{"rendered":"<div data-elementor-type=\"wp-post\" data-elementor-id=\"643\" class=\"elementor elementor-643\" data-elementor-post-type=\"post\">\n\t\t\t\t\t\t<section class=\"elementor-section elementor-top-section elementor-element elementor-element-775c5d7e elementor-section-boxed elementor-section-height-default elementor-section-height-default\" data-id=\"775c5d7e\" data-element_type=\"section\" data-e-type=\"section\">\n\t\t\t\t\t\t<div class=\"elementor-container elementor-column-gap-default\">\n\t\t\t\t\t<div class=\"elementor-column elementor-col-100 elementor-top-column elementor-element elementor-element-1818e19f\" data-id=\"1818e19f\" data-element_type=\"column\" data-e-type=\"column\">\n\t\t\t<div class=\"elementor-widget-wrap elementor-element-populated\">\n\t\t\t\t\t\t<div class=\"elementor-element elementor-element-538cfd75 elementor-widget elementor-widget-heading\" data-id=\"538cfd75\" data-element_type=\"widget\" data-e-type=\"widget\" data-widget_type=\"heading.default\">\n\t\t\t\t\t<h2 class=\"elementor-heading-title elementor-size-default\">\u00d4 Monde des Histoires<\/h2>\t\t\t\t<\/div>\n\t\t\t\t\t<\/div>\n\t\t<\/div>\n\t\t\t\t\t<\/div>\n\t\t<\/section>\n\t\t\t\t<section class=\"elementor-section elementor-top-section elementor-element elementor-element-22bfdcc3 elementor-section-content-middle elementor-section-boxed elementor-section-height-default elementor-section-height-default\" data-id=\"22bfdcc3\" data-element_type=\"section\" data-e-type=\"section\">\n\t\t\t\t\t\t<div class=\"elementor-container elementor-column-gap-extended\">\n\t\t\t\t\t<div class=\"elementor-column elementor-col-100 elementor-top-column elementor-element elementor-element-4a838cb7\" data-id=\"4a838cb7\" data-element_type=\"column\" data-e-type=\"column\">\n\t\t\t<div class=\"elementor-widget-wrap elementor-element-populated\">\n\t\t\t\t\t\t<section class=\"elementor-section elementor-inner-section elementor-element elementor-element-1aa7665a elementor-section-boxed elementor-section-height-default elementor-section-height-default\" data-id=\"1aa7665a\" data-element_type=\"section\" data-e-type=\"section\">\n\t\t\t\t\t\t<div class=\"elementor-container elementor-column-gap-default\">\n\t\t\t\t\t<div class=\"elementor-column elementor-col-100 elementor-inner-column elementor-element elementor-element-fe9eae9\" data-id=\"fe9eae9\" data-element_type=\"column\" data-e-type=\"column\">\n\t\t\t<div class=\"elementor-widget-wrap elementor-element-populated\">\n\t\t\t\t\t\t<div class=\"elementor-element elementor-element-6a51d81d elementor-widget elementor-widget-text-editor\" data-id=\"6a51d81d\" data-element_type=\"widget\" data-e-type=\"widget\" data-widget_type=\"text-editor.default\">\n\t\t\t\t\t\t\t\t\t<p data-start=\"86\" data-end=\"274\">R\u00e9alisation du logotype de <a href=\"https:\/\/www.mondedeshistoires.be\/agenda\/\">\u00d4 Monde des Histoires<\/a>,\u00a0un lieu d\u00e9di\u00e9 aux contes et aux histoires, r\u00e9elles et fantastiques, pour tous les \u00e2ges, situ\u00e9 dans la commune de Forest \u00e0 Bruxelles.<\/p><p data-start=\"281\" data-end=\"375\">Ce lieu propose une programmation riche et vari\u00e9e, avec de nombreux \u00e9v\u00e9nements multiculturels.<\/p>\t\t\t\t\t\t\t\t<\/div>\n\t\t\t\t\t<\/div>\n\t\t<\/div>\n\t\t\t\t\t<\/div>\n\t\t<\/section>\n\t\t\t\t\t<\/div>\n\t\t<\/div>\n\t\t\t\t\t<\/div>\n\t\t<\/section>\n\t\t\t\t<section class=\"elementor-section elementor-top-section elementor-element elementor-element-29b1cce5 elementor-section-content-middle elementor-section-boxed elementor-section-height-default elementor-section-height-default\" data-id=\"29b1cce5\" data-element_type=\"section\" data-e-type=\"section\">\n\t\t\t\t\t\t<div class=\"elementor-container elementor-column-gap-default\">\n\t\t\t\t\t<div class=\"elementor-column elementor-col-100 elementor-top-column elementor-element elementor-element-24128aba\" data-id=\"24128aba\" data-element_type=\"column\" data-e-type=\"column\">\n\t\t\t<div class=\"elementor-widget-wrap elementor-element-populated\">\n\t\t\t\t\t\t<div class=\"elementor-element elementor-element-63c41b0f elementor-widget elementor-widget-gallery\" data-id=\"63c41b0f\" data-element_type=\"widget\" data-e-type=\"widget\" data-settings=\"{&quot;columns&quot;:2,&quot;gallery_layout&quot;:&quot;masonry&quot;,&quot;gap&quot;:{&quot;unit&quot;:&quot;px&quot;,&quot;size&quot;:50,&quot;sizes&quot;:[]},&quot;image_hover_animation&quot;:&quot;grow&quot;,&quot;lazyload&quot;:&quot;yes&quot;,&quot;columns_tablet&quot;:2,&quot;columns_mobile&quot;:1,&quot;gap_tablet&quot;:{&quot;unit&quot;:&quot;px&quot;,&quot;size&quot;:10,&quot;sizes&quot;:[]},&quot;gap_mobile&quot;:{&quot;unit&quot;:&quot;px&quot;,&quot;size&quot;:10,&quot;sizes&quot;:[]},&quot;content_hover_animation&quot;:&quot;fade-in&quot;}\" data-widget_type=\"gallery.default\">\n\t\t\t\t\t\t\t<div class=\"elementor-gallery__container\">\n\t\t\t\t\t\t\t<div class=\"e-gallery-item elementor-gallery-item elementor-animated-content\">\n\t\t\t\t\t<div class=\"e-gallery-image elementor-gallery-item__image\" data-thumbnail=\"https:\/\/illusnanda.com\/wp-content\/uploads\/2023\/09\/ogo-768x560.png\" data-width=\"768\" data-height=\"560\" aria-label=\"\" role=\"img\" ><\/div>\n\t\t\t\t\t\t\t\t\t\t\t\t\t\t<\/div>\n\t\t\t\t\t\t\t<div class=\"e-gallery-item elementor-gallery-item elementor-animated-content\">\n\t\t\t\t\t<div class=\"e-gallery-image elementor-gallery-item__image\" data-thumbnail=\"https:\/\/illusnanda.com\/wp-content\/uploads\/2023\/09\/signo-1-768x651.png\" data-width=\"768\" data-height=\"651\" aria-label=\"\" role=\"img\" ><\/div>\n\t\t\t\t\t\t\t\t\t\t\t\t\t\t<\/div>\n\t\t\t\t\t\t\t<div class=\"e-gallery-item elementor-gallery-item elementor-animated-content\">\n\t\t\t\t\t<div class=\"e-gallery-image elementor-gallery-item__image\" data-thumbnail=\"https:\/\/illusnanda.com\/wp-content\/uploads\/2023\/09\/mdh-1-768x690.png\" data-width=\"768\" data-height=\"690\" aria-label=\"\" role=\"img\" ><\/div>\n\t\t\t\t\t\t\t\t\t\t\t\t\t\t<\/div>\n\t\t\t\t\t\t\t<div class=\"e-gallery-item elementor-gallery-item elementor-animated-content\">\n\t\t\t\t\t<div class=\"e-gallery-image elementor-gallery-item__image\" data-thumbnail=\"https:\/\/illusnanda.com\/wp-content\/uploads\/2023\/09\/loguito-768x480.png\" data-width=\"768\" data-height=\"480\" aria-label=\"\" role=\"img\" ><\/div>\n\t\t\t\t\t\t\t\t\t\t\t\t\t\t<\/div>\n\t\t\t\t\t<\/div>\n\t\t\t\t\t<\/div>\n\t\t\t\t\t<\/div>\n\t\t<\/div>\n\t\t\t\t\t<\/div>\n\t\t<\/section>\n\t\t\t\t<\/div>","protected":false},"excerpt":{"rendered":"<p>R\u00e9alisation du logotype de \u00d4 Monde des Histoires,\u00a0un lieu d\u00e9di\u00e9 aux contes et aux histoires, r\u00e9elles et fantastiques, pour tous les \u00e2ges, situ\u00e9 dans la commune de Forest \u00e0 Bruxelles. Ce lieu propose une programmation riche et vari\u00e9e, avec de nombreux \u00e9v\u00e9nements multiculturels.<\/p>","protected":false},"author":1,"featured_media":655,"comment_status":"closed","ping_status":"closed","sticky":false,"template":"","format":"standard","meta":{"footnotes":""},"categories":[1],"tags":[],"class_list":["post-643","post","type-post","status-publish","format-standard","has-post-thumbnail","hentry","category-diseno-grafico"],"yoast_head":"<!-- This site is optimized with the Yoast SEO plugin v27.4 - https:\/\/yoast.com\/product\/yoast-seo-wordpress\/ -->\n<title>\u00d4 Monde des Histoires - Fernanda Cruces<\/title>\n<meta name=\"robots\" content=\"index, follow, max-snippet:-1, max-image-preview:large, max-video-preview:-1\" \/>\n<link rel=\"canonical\" href=\"https:\/\/illusnanda.com\/fr\/o-monde-des-histoires\/\" \/>\n<meta property=\"og:locale\" content=\"fr_FR\" \/>\n<meta property=\"og:type\" content=\"article\" \/>\n<meta property=\"og:title\" content=\"\u00d4 Monde des Histoires - Fernanda Cruces\" \/>\n<meta property=\"og:description\" content=\"R\u00e9alisation du logotype de \u00d4 Monde des Histoires,\u00a0un lieu d\u00e9di\u00e9 aux contes et aux histoires, r\u00e9elles et fantastiques, pour tous les \u00e2ges, situ\u00e9 dans la commune de Forest \u00e0 Bruxelles. Ce lieu propose une programmation riche et vari\u00e9e, avec de nombreux \u00e9v\u00e9nements multiculturels.\" \/>\n<meta property=\"og:url\" content=\"https:\/\/illusnanda.com\/fr\/o-monde-des-histoires\/\" \/>\n<meta property=\"og:site_name\" content=\"Fernanda Cruces\" \/>\n<meta property=\"article:published_time\" content=\"2023-09-28T12:27:46+00:00\" \/>\n<meta property=\"article:modified_time\" content=\"2026-01-21T10:13:28+00:00\" \/>\n<meta property=\"og:image\" content=\"https:\/\/illusnanda.com\/wp-content\/uploads\/2023\/09\/ogo.png\" \/>\n\t<meta property=\"og:image:width\" content=\"1403\" \/>\n\t<meta property=\"og:image:height\" content=\"1023\" \/>\n\t<meta property=\"og:image:type\" content=\"image\/png\" \/>\n<meta name=\"author\" content=\"f3cruz\" \/>\n<meta name=\"twitter:card\" content=\"summary_large_image\" \/>\n<meta name=\"twitter:label1\" content=\"\u00c9crit par\" \/>\n\t<meta name=\"twitter:data1\" content=\"f3cruz\" \/>\n\t<meta name=\"twitter:label2\" content=\"Dur\u00e9e de lecture est.\" \/>\n\t<meta name=\"twitter:data2\" content=\"1 minute\" \/>\n<script type=\"application\/ld+json\" class=\"yoast-schema-graph\">{\"@context\":\"https:\\\/\\\/schema.org\",\"@graph\":[{\"@type\":\"Article\",\"@id\":\"https:\\\/\\\/illusnanda.com\\\/o-monde-des-histoires\\\/#article\",\"isPartOf\":{\"@id\":\"https:\\\/\\\/illusnanda.com\\\/o-monde-des-histoires\\\/\"},\"author\":{\"name\":\"f3cruz\",\"@id\":\"https:\\\/\\\/illusnanda.com\\\/#\\\/schema\\\/person\\\/9403b67fea3f868e55fd76191455c53a\"},\"headline\":\"\u00d4 Monde des Histoires\",\"datePublished\":\"2023-09-28T12:27:46+00:00\",\"dateModified\":\"2026-01-21T10:13:28+00:00\",\"mainEntityOfPage\":{\"@id\":\"https:\\\/\\\/illusnanda.com\\\/o-monde-des-histoires\\\/\"},\"wordCount\":50,\"image\":{\"@id\":\"https:\\\/\\\/illusnanda.com\\\/o-monde-des-histoires\\\/#primaryimage\"},\"thumbnailUrl\":\"https:\\\/\\\/illusnanda.com\\\/wp-content\\\/uploads\\\/2023\\\/09\\\/ogo.png\",\"articleSection\":[\"Dise\u00f1o Gr\u00e1fico\"],\"inLanguage\":\"fr-BE\"},{\"@type\":\"WebPage\",\"@id\":\"https:\\\/\\\/illusnanda.com\\\/o-monde-des-histoires\\\/\",\"url\":\"https:\\\/\\\/illusnanda.com\\\/o-monde-des-histoires\\\/\",\"name\":\"\u00d4 Monde des Histoires - Fernanda Cruces\",\"isPartOf\":{\"@id\":\"https:\\\/\\\/illusnanda.com\\\/#website\"},\"primaryImageOfPage\":{\"@id\":\"https:\\\/\\\/illusnanda.com\\\/o-monde-des-histoires\\\/#primaryimage\"},\"image\":{\"@id\":\"https:\\\/\\\/illusnanda.com\\\/o-monde-des-histoires\\\/#primaryimage\"},\"thumbnailUrl\":\"https:\\\/\\\/illusnanda.com\\\/wp-content\\\/uploads\\\/2023\\\/09\\\/ogo.png\",\"datePublished\":\"2023-09-28T12:27:46+00:00\",\"dateModified\":\"2026-01-21T10:13:28+00:00\",\"author\":{\"@id\":\"https:\\\/\\\/illusnanda.com\\\/#\\\/schema\\\/person\\\/9403b67fea3f868e55fd76191455c53a\"},\"breadcrumb\":{\"@id\":\"https:\\\/\\\/illusnanda.com\\\/o-monde-des-histoires\\\/#breadcrumb\"},\"inLanguage\":\"fr-BE\",\"potentialAction\":[{\"@type\":\"ReadAction\",\"target\":[\"https:\\\/\\\/illusnanda.com\\\/o-monde-des-histoires\\\/\"]}]},{\"@type\":\"ImageObject\",\"inLanguage\":\"fr-BE\",\"@id\":\"https:\\\/\\\/illusnanda.com\\\/o-monde-des-histoires\\\/#primaryimage\",\"url\":\"https:\\\/\\\/illusnanda.com\\\/wp-content\\\/uploads\\\/2023\\\/09\\\/ogo.png\",\"contentUrl\":\"https:\\\/\\\/illusnanda.com\\\/wp-content\\\/uploads\\\/2023\\\/09\\\/ogo.png\",\"width\":1403,\"height\":1023},{\"@type\":\"BreadcrumbList\",\"@id\":\"https:\\\/\\\/illusnanda.com\\\/o-monde-des-histoires\\\/#breadcrumb\",\"itemListElement\":[{\"@type\":\"ListItem\",\"position\":1,\"name\":\"Portada\",\"item\":\"https:\\\/\\\/illusnanda.com\\\/\"},{\"@type\":\"ListItem\",\"position\":2,\"name\":\"\u00d4 Monde des Histoires\"}]},{\"@type\":\"WebSite\",\"@id\":\"https:\\\/\\\/illusnanda.com\\\/#website\",\"url\":\"https:\\\/\\\/illusnanda.com\\\/\",\"name\":\"Fernanda Cruces\",\"description\":\"Ilustradora y Dise\u00f1adora Gr\u00e1fica: Visuels clairs et sensibles pour projets culturels et \u00e9ducatifs\",\"potentialAction\":[{\"@type\":\"SearchAction\",\"target\":{\"@type\":\"EntryPoint\",\"urlTemplate\":\"https:\\\/\\\/illusnanda.com\\\/?s={search_term_string}\"},\"query-input\":{\"@type\":\"PropertyValueSpecification\",\"valueRequired\":true,\"valueName\":\"search_term_string\"}}],\"inLanguage\":\"fr-BE\"},{\"@type\":\"Person\",\"@id\":\"https:\\\/\\\/illusnanda.com\\\/#\\\/schema\\\/person\\\/9403b67fea3f868e55fd76191455c53a\",\"name\":\"f3cruz\",\"image\":{\"@type\":\"ImageObject\",\"inLanguage\":\"fr-BE\",\"@id\":\"https:\\\/\\\/secure.gravatar.com\\\/avatar\\\/9a7779f2a26964189635b201ff1db67c3cba68d3578d7a40a796e53c2ca63f6f?s=96&d=mm&r=g\",\"url\":\"https:\\\/\\\/secure.gravatar.com\\\/avatar\\\/9a7779f2a26964189635b201ff1db67c3cba68d3578d7a40a796e53c2ca63f6f?s=96&d=mm&r=g\",\"contentUrl\":\"https:\\\/\\\/secure.gravatar.com\\\/avatar\\\/9a7779f2a26964189635b201ff1db67c3cba68d3578d7a40a796e53c2ca63f6f?s=96&d=mm&r=g\",\"caption\":\"f3cruz\"},\"sameAs\":[\"https:\\\/\\\/illusnanda.com\"],\"url\":\"https:\\\/\\\/illusnanda.com\\\/fr\\\/author\\\/f3cruz\\\/\"}]}<\/script>\n<!-- \/ Yoast SEO plugin. -->","yoast_head_json":{"title":"\u00d4 Monde des Histoires - Fernanda Cruces","robots":{"index":"index","follow":"follow","max-snippet":"max-snippet:-1","max-image-preview":"max-image-preview:large","max-video-preview":"max-video-preview:-1"},"canonical":"https:\/\/illusnanda.com\/fr\/o-monde-des-histoires\/","og_locale":"fr_FR","og_type":"article","og_title":"\u00d4 Monde des Histoires - Fernanda Cruces","og_description":"R\u00e9alisation du logotype de \u00d4 Monde des Histoires,\u00a0un lieu d\u00e9di\u00e9 aux contes et aux histoires, r\u00e9elles et fantastiques, pour tous les \u00e2ges, situ\u00e9 dans la commune de Forest \u00e0 Bruxelles. Ce lieu propose une programmation riche et vari\u00e9e, avec de nombreux \u00e9v\u00e9nements multiculturels.","og_url":"https:\/\/illusnanda.com\/fr\/o-monde-des-histoires\/","og_site_name":"Fernanda Cruces","article_published_time":"2023-09-28T12:27:46+00:00","article_modified_time":"2026-01-21T10:13:28+00:00","og_image":[{"width":1403,"height":1023,"url":"https:\/\/illusnanda.com\/wp-content\/uploads\/2023\/09\/ogo.png","type":"image\/png"}],"author":"f3cruz","twitter_card":"summary_large_image","twitter_misc":{"\u00c9crit par":"f3cruz","Dur\u00e9e de lecture est.":"1 minute"},"schema":{"@context":"https:\/\/schema.org","@graph":[{"@type":"Article","@id":"https:\/\/illusnanda.com\/o-monde-des-histoires\/#article","isPartOf":{"@id":"https:\/\/illusnanda.com\/o-monde-des-histoires\/"},"author":{"name":"f3cruz","@id":"https:\/\/illusnanda.com\/#\/schema\/person\/9403b67fea3f868e55fd76191455c53a"},"headline":"\u00d4 Monde des Histoires","datePublished":"2023-09-28T12:27:46+00:00","dateModified":"2026-01-21T10:13:28+00:00","mainEntityOfPage":{"@id":"https:\/\/illusnanda.com\/o-monde-des-histoires\/"},"wordCount":50,"image":{"@id":"https:\/\/illusnanda.com\/o-monde-des-histoires\/#primaryimage"},"thumbnailUrl":"https:\/\/illusnanda.com\/wp-content\/uploads\/2023\/09\/ogo.png","articleSection":["Dise\u00f1o Gr\u00e1fico"],"inLanguage":"fr-BE"},{"@type":"WebPage","@id":"https:\/\/illusnanda.com\/o-monde-des-histoires\/","url":"https:\/\/illusnanda.com\/o-monde-des-histoires\/","name":"\u00d4 Monde des Histoires - Fernanda Cruces","isPartOf":{"@id":"https:\/\/illusnanda.com\/#website"},"primaryImageOfPage":{"@id":"https:\/\/illusnanda.com\/o-monde-des-histoires\/#primaryimage"},"image":{"@id":"https:\/\/illusnanda.com\/o-monde-des-histoires\/#primaryimage"},"thumbnailUrl":"https:\/\/illusnanda.com\/wp-content\/uploads\/2023\/09\/ogo.png","datePublished":"2023-09-28T12:27:46+00:00","dateModified":"2026-01-21T10:13:28+00:00","author":{"@id":"https:\/\/illusnanda.com\/#\/schema\/person\/9403b67fea3f868e55fd76191455c53a"},"breadcrumb":{"@id":"https:\/\/illusnanda.com\/o-monde-des-histoires\/#breadcrumb"},"inLanguage":"fr-BE","potentialAction":[{"@type":"ReadAction","target":["https:\/\/illusnanda.com\/o-monde-des-histoires\/"]}]},{"@type":"ImageObject","inLanguage":"fr-BE","@id":"https:\/\/illusnanda.com\/o-monde-des-histoires\/#primaryimage","url":"https:\/\/illusnanda.com\/wp-content\/uploads\/2023\/09\/ogo.png","contentUrl":"https:\/\/illusnanda.com\/wp-content\/uploads\/2023\/09\/ogo.png","width":1403,"height":1023},{"@type":"BreadcrumbList","@id":"https:\/\/illusnanda.com\/o-monde-des-histoires\/#breadcrumb","itemListElement":[{"@type":"ListItem","position":1,"name":"Portada","item":"https:\/\/illusnanda.com\/"},{"@type":"ListItem","position":2,"name":"\u00d4 Monde des Histoires"}]},{"@type":"WebSite","@id":"https:\/\/illusnanda.com\/#website","url":"https:\/\/illusnanda.com\/","name":"Fernanda Cruces","description":"Ilustradora y Dise\u00f1adora Gr\u00e1fica: Visuels clairs et sensibles pour projets culturels et \u00e9ducatifs","potentialAction":[{"@type":"SearchAction","target":{"@type":"EntryPoint","urlTemplate":"https:\/\/illusnanda.com\/?s={search_term_string}"},"query-input":{"@type":"PropertyValueSpecification","valueRequired":true,"valueName":"search_term_string"}}],"inLanguage":"fr-BE"},{"@type":"Person","@id":"https:\/\/illusnanda.com\/#\/schema\/person\/9403b67fea3f868e55fd76191455c53a","name":"f3cruz","image":{"@type":"ImageObject","inLanguage":"fr-BE","@id":"https:\/\/secure.gravatar.com\/avatar\/9a7779f2a26964189635b201ff1db67c3cba68d3578d7a40a796e53c2ca63f6f?s=96&d=mm&r=g","url":"https:\/\/secure.gravatar.com\/avatar\/9a7779f2a26964189635b201ff1db67c3cba68d3578d7a40a796e53c2ca63f6f?s=96&d=mm&r=g","contentUrl":"https:\/\/secure.gravatar.com\/avatar\/9a7779f2a26964189635b201ff1db67c3cba68d3578d7a40a796e53c2ca63f6f?s=96&d=mm&r=g","caption":"f3cruz"},"sameAs":["https:\/\/illusnanda.com"],"url":"https:\/\/illusnanda.com\/fr\/author\/f3cruz\/"}]}},"_links":{"self":[{"href":"https:\/\/illusnanda.com\/fr\/wp-json\/wp\/v2\/posts\/643","targetHints":{"allow":["GET"]}}],"collection":[{"href":"https:\/\/illusnanda.com\/fr\/wp-json\/wp\/v2\/posts"}],"about":[{"href":"https:\/\/illusnanda.com\/fr\/wp-json\/wp\/v2\/types\/post"}],"author":[{"embeddable":true,"href":"https:\/\/illusnanda.com\/fr\/wp-json\/wp\/v2\/users\/1"}],"replies":[{"embeddable":true,"href":"https:\/\/illusnanda.com\/fr\/wp-json\/wp\/v2\/comments?post=643"}],"version-history":[{"count":38,"href":"https:\/\/illusnanda.com\/fr\/wp-json\/wp\/v2\/posts\/643\/revisions"}],"predecessor-version":[{"id":1383,"href":"https:\/\/illusnanda.com\/fr\/wp-json\/wp\/v2\/posts\/643\/revisions\/1383"}],"wp:featuredmedia":[{"embeddable":true,"href":"https:\/\/illusnanda.com\/fr\/wp-json\/wp\/v2\/media\/655"}],"wp:attachment":[{"href":"https:\/\/illusnanda.com\/fr\/wp-json\/wp\/v2\/media?parent=643"}],"wp:term":[{"taxonomy":"category","embeddable":true,"href":"https:\/\/illusnanda.com\/fr\/wp-json\/wp\/v2\/categories?post=643"},{"taxonomy":"post_tag","embeddable":true,"href":"https:\/\/illusnanda.com\/fr\/wp-json\/wp\/v2\/tags?post=643"}],"curies":[{"name":"wp","href":"https:\/\/api.w.org\/{rel}","templated":true}]}}